{"id":299,"date":"2021-11-09T12:33:00","date_gmt":"2021-11-09T11:33:00","guid":{"rendered":"https:\/\/grundschule-bad-lausick.de\/?p=299"},"modified":"2021-11-10T12:56:52","modified_gmt":"2021-11-10T11:56:52","slug":"hellau-es-wurde-fasching-gefeiert","status":"publish","type":"post","link":"https:\/\/grundschule-bad-lausick.de\/?p=299","title":{"rendered":"Die Grundschule Bad Lausick wird sch\u00f6ner"},"content":{"rendered":"\n<p>Inmitten der umfangreichen Renovierungsma\u00dfnahmen an der Grundschule Bad Lausick ist es nun endlich gelungen den neu angeschafften Basketballkorb auf dem Schulhof zu platzieren.<\/p>\n\n\n\n<p>Am 01. November 2021 konnte dieser zur Nutzung f\u00fcr die Grundsch\u00fclerinnen und Grundschulen mit gro\u00dfer Begeisterung \u201eeingeweiht\u201c werden.<\/p>\n\n\n\n<p>Ein besonderer Dank f\u00fcr die Umsetzung des Projektes geht an den F\u00f6rderverein der Grundschule Bad Lausick sowie die Hausmeister, die Mitarbeiter vom Bauhof Bad Lausick und die Firma BT Bautiefbau GmbH Frohburg.<\/p>\n\n\n\n<figure class=\"wp-block-gallery columns-3 is-cropped wp-block-gallery-1 is-layout-flex wp-block-gallery-is-layout-flex\"><ul class=\"blocks-gallery-grid\"><li class=\"blocks-gallery-item\"><figure><img loading=\"lazy\" decoding=\"async\" width=\"1024\" height=\"768\" src=\"https:\/\/grundschule-bad-lausick.de\/wp-content\/uploads\/2021\/11\/IMG-20211101-WA0017-1024x768.jpg\" alt=\"\" data-id=\"969\" class=\"wp-image-969\" srcset=\"https:\/\/grundschule-bad-lausick.de\/wp-content\/uploads\/2021\/11\/IMG-20211101-WA0017-1024x768.jpg 1024w, https:\/\/grundschule-bad-lausick.de\/wp-content\/uploads\/2021\/11\/IMG-20211101-WA0017-300x225.jpg 300w, https:\/\/grundschule-bad-lausick.de\/wp-content\/uploads\/2021\/11\/IMG-20211101-WA0017-768x576.jpg 768w, https:\/\/grundschule-bad-lausick.de\/wp-content\/uploads\/2021\/11\/IMG-20211101-WA0017-1536x1152.jpg 1536w, https:\/\/grundschule-bad-lausick.de\/wp-content\/uploads\/2021\/11\/IMG-20211101-WA0017.jpg 1600w\" sizes=\"auto, (max-width: 1024px) 100vw, 1024px\" \/><\/figure><\/li><li class=\"blocks-gallery-item\"><figure><img loading=\"lazy\" decoding=\"async\" width=\"1024\" height=\"768\" src=\"https:\/\/grundschule-bad-lausick.de\/wp-content\/uploads\/2021\/11\/IMG-20211101-WA0018-1024x768.jpg\" alt=\"\" data-id=\"970\" data-link=\"https:\/\/grundschule-bad-lausick.de\/?attachment_id=970\" class=\"wp-image-970\" srcset=\"https:\/\/grundschule-bad-lausick.de\/wp-content\/uploads\/2021\/11\/IMG-20211101-WA0018-1024x768.jpg 1024w, https:\/\/grundschule-bad-lausick.de\/wp-content\/uploads\/2021\/11\/IMG-20211101-WA0018-300x225.jpg 300w, https:\/\/grundschule-bad-lausick.de\/wp-content\/uploads\/2021\/11\/IMG-20211101-WA0018-768x576.jpg 768w, https:\/\/grundschule-bad-lausick.de\/wp-content\/uploads\/2021\/11\/IMG-20211101-WA0018-1536x1152.jpg 1536w, https:\/\/grundschule-bad-lausick.de\/wp-content\/uploads\/2021\/11\/IMG-20211101-WA0018.jpg 1600w\" sizes=\"auto, (max-width: 1024px) 100vw, 1024px\" \/><\/figure><\/li><li class=\"blocks-gallery-item\"><figure><img loading=\"lazy\" decoding=\"async\" width=\"1024\" height=\"1024\" src=\"https:\/\/grundschule-bad-lausick.de\/wp-content\/uploads\/2021\/11\/IMG-20211101-WA0029-1024x1024.jpg\" alt=\"\" data-id=\"971\" data-full-url=\"https:\/\/grundschule-bad-lausick.de\/wp-content\/uploads\/2021\/11\/IMG-20211101-WA0029.jpg\" data-link=\"https:\/\/grundschule-bad-lausick.de\/?attachment_id=971\" class=\"wp-image-971\" srcset=\"https:\/\/grundschule-bad-lausick.de\/wp-content\/uploads\/2021\/11\/IMG-20211101-WA0029-1024x1024.jpg 1024w, https:\/\/grundschule-bad-lausick.de\/wp-content\/uploads\/2021\/11\/IMG-20211101-WA0029-300x300.jpg 300w, https:\/\/grundschule-bad-lausick.de\/wp-content\/uploads\/2021\/11\/IMG-20211101-WA0029-150x150.jpg 150w, https:\/\/grundschule-bad-lausick.de\/wp-content\/uploads\/2021\/11\/IMG-20211101-WA0029-768x768.jpg 768w, https:\/\/grundschule-bad-lausick.de\/wp-content\/uploads\/2021\/11\/IMG-20211101-WA0029-70x70.jpg 70w, https:\/\/grundschule-bad-lausick.de\/wp-content\/uploads\/2021\/11\/IMG-20211101-WA0029-246x246.jpg 246w, https:\/\/grundschule-bad-lausick.de\/wp-content\/uploads\/2021\/11\/IMG-20211101-WA0029-276x276.jpg 276w, https:\/\/grundschule-bad-lausick.de\/wp-content\/uploads\/2021\/11\/IMG-20211101-WA0029-125x125.jpg 125w, https:\/\/grundschule-bad-lausick.de\/wp-content\/uploads\/2021\/11\/IMG-20211101-WA0029.jpg 1496w\" sizes=\"auto, (max-width: 1024px) 100vw, 1024px\" \/><\/figure><\/li><\/ul><\/figure>\n\n\n\n<div class=\"wp-block-media-text alignwide is-stacked-on-mobile is-vertically-aligned-center\"><figure class=\"wp-block-media-text__media\"><img loading=\"lazy\" decoding=\"async\" width=\"717\" height=\"1024\" src=\"https:\/\/grundschule-bad-lausick.de\/wp-content\/uploads\/2021\/11\/labyrinth.-717x1024.jpg\" alt=\"\" class=\"wp-image-974 size-full\" srcset=\"https:\/\/grundschule-bad-lausick.de\/wp-content\/uploads\/2021\/11\/labyrinth.-717x1024.jpg 717w, https:\/\/grundschule-bad-lausick.de\/wp-content\/uploads\/2021\/11\/labyrinth.-210x300.jpg 210w, https:\/\/grundschule-bad-lausick.de\/wp-content\/uploads\/2021\/11\/labyrinth.-768x1097.jpg 768w, https:\/\/grundschule-bad-lausick.de\/wp-content\/uploads\/2021\/11\/labyrinth.-1075x1536.jpg 1075w, https:\/\/grundschule-bad-lausick.de\/wp-content\/uploads\/2021\/11\/labyrinth.-1434x2048.jpg 1434w, https:\/\/grundschule-bad-lausick.de\/wp-content\/uploads\/2021\/11\/labyrinth..jpg 1615w\" sizes=\"auto, (max-width: 717px) 100vw, 717px\" \/><\/figure><div class=\"wp-block-media-text__content\">\n<p class=\"has-normal-font-size\">In diesem Jahr konnten wir uns weiterhin \u00fcber eine Spende in H\u00f6he von 400 EUR vom Maister-Labyrinth Benndorf freuen. Diese werden wir zum Sch\u00fclerkonzert nutzen und den Sch\u00fclerbeitrag finanziell bezuschussen und somit reduzieren. Wir bedanken uns sehr f\u00fcr diese Unterst\u00fctzung.<\/p>\n<\/div><\/div>\n\n\n\n<h2 class=\"wp-block-heading\"><strong>Mehr Nachhaltigkeit \u2013 Altpapier-Sammelaktion an der Grundschule Bad Lausick<\/strong><\/h2>\n\n\n\n<p>Eine Herausforderung oder eher Ansporn der besonderen Art stellte der Wettaufruf der Firma Nicole Ruppelt Containerdienst dar. Es wurde um 100,-\u20ac gewettet, dass es die Grundschule Bad Lausick schafft, einen 5m\u00b3-Container mit Zeitungspapier zu f\u00fcllen.<\/p>\n\n\n\n<p>Die Wette zu gewinnen war f\u00fcr die Grundsch\u00fclerinnen und Grundsch\u00fcler inkl. Familien nat\u00fcrlich kein Problem, so dass schnell zus\u00e4tzliche Sammelm\u00f6glichkeiten f\u00fcr das viele Altpapier geschaffen wurden, was am 13. Und 14. Oktober 2021 gebracht wurde.<\/p>\n\n\n\n<p>Die Wette wurde also haushoch gewonnen. Neben den 100 EUR Wetteinsatz kamen dem F\u00f6rderverein der Grundschule Bad Lausick noch 200 EUR Erl\u00f6s des Altpapiers zugute.<\/p>\n\n\n\n<figure class=\"wp-block-gallery columns-2 is-cropped wp-block-gallery-2 is-layout-flex wp-block-gallery-is-layout-flex\"><ul class=\"blocks-gallery-grid\"><li class=\"blocks-gallery-item\"><figure><img loading=\"lazy\" decoding=\"async\" width=\"1024\" height=\"768\" src=\"https:\/\/grundschule-bad-lausick.de\/wp-content\/uploads\/2021\/11\/IMG-20211101-WA0025-1-1024x768.jpg\" alt=\"\" data-id=\"978\" data-full-url=\"https:\/\/grundschule-bad-lausick.de\/wp-content\/uploads\/2021\/11\/IMG-20211101-WA0025-1.jpg\" data-link=\"https:\/\/grundschule-bad-lausick.de\/?attachment_id=978\" class=\"wp-image-978\" srcset=\"https:\/\/grundschule-bad-lausick.de\/wp-content\/uploads\/2021\/11\/IMG-20211101-WA0025-1-1024x768.jpg 1024w, https:\/\/grundschule-bad-lausick.de\/wp-content\/uploads\/2021\/11\/IMG-20211101-WA0025-1-300x225.jpg 300w, https:\/\/grundschule-bad-lausick.de\/wp-content\/uploads\/2021\/11\/IMG-20211101-WA0025-1-768x576.jpg 768w, https:\/\/grundschule-bad-lausick.de\/wp-content\/uploads\/2021\/11\/IMG-20211101-WA0025-1-1536x1152.jpg 1536w, https:\/\/grundschule-bad-lausick.de\/wp-content\/uploads\/2021\/11\/IMG-20211101-WA0025-1.jpg 2016w\" sizes=\"auto, (max-width: 1024px) 100vw, 1024px\" \/><\/figure><\/li><li class=\"blocks-gallery-item\"><figure><img loading=\"lazy\" decoding=\"async\" width=\"1024\" height=\"768\" src=\"https:\/\/grundschule-bad-lausick.de\/wp-content\/uploads\/2021\/11\/IMG-20211101-WA0027-1-1024x768.jpg\" alt=\"\" data-id=\"980\" data-full-url=\"https:\/\/grundschule-bad-lausick.de\/wp-content\/uploads\/2021\/11\/IMG-20211101-WA0027-1.jpg\" data-link=\"https:\/\/grundschule-bad-lausick.de\/?attachment_id=980\" class=\"wp-image-980\" srcset=\"https:\/\/grundschule-bad-lausick.de\/wp-content\/uploads\/2021\/11\/IMG-20211101-WA0027-1-1024x768.jpg 1024w, https:\/\/grundschule-bad-lausick.de\/wp-content\/uploads\/2021\/11\/IMG-20211101-WA0027-1-300x225.jpg 300w, https:\/\/grundschule-bad-lausick.de\/wp-content\/uploads\/2021\/11\/IMG-20211101-WA0027-1-768x576.jpg 768w, https:\/\/grundschule-bad-lausick.de\/wp-content\/uploads\/2021\/11\/IMG-20211101-WA0027-1-1536x1152.jpg 1536w, https:\/\/grundschule-bad-lausick.de\/wp-content\/uploads\/2021\/11\/IMG-20211101-WA0027-1.jpg 2016w\" sizes=\"auto, (max-width: 1024px) 100vw, 1024px\" \/><\/figure><\/li><\/ul><\/figure>\n\n\n\n<p>Eine tolle Aktion. Wir bedanken uns sehr herzlich bei der Firma Nicole Ruppelt Containerdienst sowie allen, die flei\u00dfig mit gesammelt haben.<\/p>\n","protected":false},"excerpt":{"rendered":"<p>Inmitten der umfangreichen Renovierungsma\u00dfnahmen an der Grundschule Bad Lausick ist es nun endlich gelungen den neu angeschafften Basketballkorb auf dem &hellip; <\/p>\n","protected":false},"author":2,"featured_media":0,"comment_status":"closed","ping_status":"closed","sticky":false,"template":"","format":"standard","meta":{"footnotes":""},"categories":[7],"tags":[],"class_list":["post-299","post","type-post","status-publish","format-standard","hentry","category-berichte"],"yoast_head":"<!-- This site is optimized with the Yoast SEO plugin v27.5 - https:\/\/yoast.com\/product\/yoast-seo-wordpress\/ -->\n<title>Die Grundschule Bad Lausick wird sch\u00f6ner - Grundschule Bad Lausick<\/title>\n<meta name=\"robots\" content=\"index, follow, max-snippet:-1, max-image-preview:large, max-video-preview:-1\" \/>\n<link rel=\"canonical\" href=\"https:\/\/grundschule-bad-lausick.de\/?p=299\" \/>\n<meta property=\"og:locale\" content=\"de_DE\" \/>\n<meta property=\"og:type\" content=\"article\" \/>\n<meta property=\"og:title\" content=\"Die Grundschule Bad Lausick wird sch\u00f6ner - Grundschule Bad Lausick\" \/>\n<meta property=\"og:description\" content=\"Inmitten der umfangreichen Renovierungsma\u00dfnahmen an der Grundschule Bad Lausick ist es nun endlich gelungen den neu angeschafften Basketballkorb auf dem &hellip;\" \/>\n<meta property=\"og:url\" content=\"https:\/\/grundschule-bad-lausick.de\/?p=299\" \/>\n<meta property=\"og:site_name\" content=\"Grundschule Bad Lausick\" \/>\n<meta property=\"article:published_time\" content=\"2021-11-09T11:33:00+00:00\" \/>\n<meta property=\"article:modified_time\" content=\"2021-11-10T11:56:52+00:00\" \/>\n<meta property=\"og:image\" content=\"https:\/\/grundschule-bad-lausick.de\/wp-content\/uploads\/2021\/11\/IMG-20211101-WA0017-1024x768.jpg\" \/>\n<meta name=\"author\" content=\"Susanne Schulze\" \/>\n<meta name=\"twitter:card\" content=\"summary_large_image\" \/>\n<meta name=\"twitter:label1\" content=\"Verfasst von\" \/>\n\t<meta name=\"twitter:data1\" content=\"Susanne Schulze\" \/>\n\t<meta name=\"twitter:label2\" content=\"Gesch\u00e4tzte Lesezeit\" \/>\n\t<meta name=\"twitter:data2\" content=\"3\u00a0Minuten\" \/>\n<script type=\"application\/ld+json\" class=\"yoast-schema-graph\">{\"@context\":\"https:\\\/\\\/schema.org\",\"@graph\":[{\"@type\":\"Article\",\"@id\":\"https:\\\/\\\/grundschule-bad-lausick.de\\\/?p=299#article\",\"isPartOf\":{\"@id\":\"https:\\\/\\\/grundschule-bad-lausick.de\\\/?p=299\"},\"author\":{\"name\":\"Susanne Schulze\",\"@id\":\"https:\\\/\\\/grundschule-bad-lausick.de\\\/#\\\/schema\\\/person\\\/141a82e31c0a2a7352f68b998692c754\"},\"headline\":\"Die Grundschule Bad Lausick wird sch\u00f6ner\",\"datePublished\":\"2021-11-09T11:33:00+00:00\",\"dateModified\":\"2021-11-10T11:56:52+00:00\",\"mainEntityOfPage\":{\"@id\":\"https:\\\/\\\/grundschule-bad-lausick.de\\\/?p=299\"},\"wordCount\":259,\"image\":{\"@id\":\"https:\\\/\\\/grundschule-bad-lausick.de\\\/?p=299#primaryimage\"},\"thumbnailUrl\":\"https:\\\/\\\/grundschule-bad-lausick.de\\\/wp-content\\\/uploads\\\/2021\\\/11\\\/IMG-20211101-WA0017-1024x768.jpg\",\"articleSection\":[\"Berichte\"],\"inLanguage\":\"de\"},{\"@type\":\"WebPage\",\"@id\":\"https:\\\/\\\/grundschule-bad-lausick.de\\\/?p=299\",\"url\":\"https:\\\/\\\/grundschule-bad-lausick.de\\\/?p=299\",\"name\":\"Die Grundschule Bad Lausick wird sch\u00f6ner - Grundschule Bad Lausick\",\"isPartOf\":{\"@id\":\"https:\\\/\\\/grundschule-bad-lausick.de\\\/#website\"},\"primaryImageOfPage\":{\"@id\":\"https:\\\/\\\/grundschule-bad-lausick.de\\\/?p=299#primaryimage\"},\"image\":{\"@id\":\"https:\\\/\\\/grundschule-bad-lausick.de\\\/?p=299#primaryimage\"},\"thumbnailUrl\":\"https:\\\/\\\/grundschule-bad-lausick.de\\\/wp-content\\\/uploads\\\/2021\\\/11\\\/IMG-20211101-WA0017-1024x768.jpg\",\"datePublished\":\"2021-11-09T11:33:00+00:00\",\"dateModified\":\"2021-11-10T11:56:52+00:00\",\"author\":{\"@id\":\"https:\\\/\\\/grundschule-bad-lausick.de\\\/#\\\/schema\\\/person\\\/141a82e31c0a2a7352f68b998692c754\"},\"breadcrumb\":{\"@id\":\"https:\\\/\\\/grundschule-bad-lausick.de\\\/?p=299#breadcrumb\"},\"inLanguage\":\"de\",\"potentialAction\":[{\"@type\":\"ReadAction\",\"target\":[\"https:\\\/\\\/grundschule-bad-lausick.de\\\/?p=299\"]}]},{\"@type\":\"ImageObject\",\"inLanguage\":\"de\",\"@id\":\"https:\\\/\\\/grundschule-bad-lausick.de\\\/?p=299#primaryimage\",\"url\":\"https:\\\/\\\/grundschule-bad-lausick.de\\\/wp-content\\\/uploads\\\/2021\\\/11\\\/IMG-20211101-WA0017.jpg\",\"contentUrl\":\"https:\\\/\\\/grundschule-bad-lausick.de\\\/wp-content\\\/uploads\\\/2021\\\/11\\\/IMG-20211101-WA0017.jpg\",\"width\":1600,\"height\":1200},{\"@type\":\"BreadcrumbList\",\"@id\":\"https:\\\/\\\/grundschule-bad-lausick.de\\\/?p=299#breadcrumb\",\"itemListElement\":[{\"@type\":\"ListItem\",\"position\":1,\"name\":\"Home\",\"item\":\"https:\\\/\\\/grundschule-bad-lausick.de\\\/\"},{\"@type\":\"ListItem\",\"position\":2,\"name\":\"Die Grundschule Bad Lausick wird sch\u00f6ner\"}]},{\"@type\":\"WebSite\",\"@id\":\"https:\\\/\\\/grundschule-bad-lausick.de\\\/#website\",\"url\":\"https:\\\/\\\/grundschule-bad-lausick.de\\\/\",\"name\":\"Grundschule Bad Lausick\",\"description\":\"\u201eAktiv mit allen Sinnen leben und lernen\u201c\",\"potentialAction\":[{\"@type\":\"SearchAction\",\"target\":{\"@type\":\"EntryPoint\",\"urlTemplate\":\"https:\\\/\\\/grundschule-bad-lausick.de\\\/?s={search_term_string}\"},\"query-input\":{\"@type\":\"PropertyValueSpecification\",\"valueRequired\":true,\"valueName\":\"search_term_string\"}}],\"inLanguage\":\"de\"},{\"@type\":\"Person\",\"@id\":\"https:\\\/\\\/grundschule-bad-lausick.de\\\/#\\\/schema\\\/person\\\/141a82e31c0a2a7352f68b998692c754\",\"name\":\"Susanne Schulze\",\"image\":{\"@type\":\"ImageObject\",\"inLanguage\":\"de\",\"@id\":\"https:\\\/\\\/secure.gravatar.com\\\/avatar\\\/9abc3e7b7eb0d36c5dd120fa2ff94499b7f15280e1450749a1cc4edc0a37c508?s=96&d=mm&r=g\",\"url\":\"https:\\\/\\\/secure.gravatar.com\\\/avatar\\\/9abc3e7b7eb0d36c5dd120fa2ff94499b7f15280e1450749a1cc4edc0a37c508?s=96&d=mm&r=g\",\"contentUrl\":\"https:\\\/\\\/secure.gravatar.com\\\/avatar\\\/9abc3e7b7eb0d36c5dd120fa2ff94499b7f15280e1450749a1cc4edc0a37c508?s=96&d=mm&r=g\",\"caption\":\"Susanne Schulze\"},\"url\":\"https:\\\/\\\/grundschule-bad-lausick.de\\\/?author=2\"}]}<\/script>\n<!-- \/ Yoast SEO plugin. -->","yoast_head_json":{"title":"Die Grundschule Bad Lausick wird sch\u00f6ner - Grundschule Bad Lausick","robots":{"index":"index","follow":"follow","max-snippet":"max-snippet:-1","max-image-preview":"max-image-preview:large","max-video-preview":"max-video-preview:-1"},"canonical":"https:\/\/grundschule-bad-lausick.de\/?p=299","og_locale":"de_DE","og_type":"article","og_title":"Die Grundschule Bad Lausick wird sch\u00f6ner - Grundschule Bad Lausick","og_description":"Inmitten der umfangreichen Renovierungsma\u00dfnahmen an der Grundschule Bad Lausick ist es nun endlich gelungen den neu angeschafften Basketballkorb auf dem &hellip;","og_url":"https:\/\/grundschule-bad-lausick.de\/?p=299","og_site_name":"Grundschule Bad Lausick","article_published_time":"2021-11-09T11:33:00+00:00","article_modified_time":"2021-11-10T11:56:52+00:00","og_image":[{"url":"https:\/\/grundschule-bad-lausick.de\/wp-content\/uploads\/2021\/11\/IMG-20211101-WA0017-1024x768.jpg","type":"","width":"","height":""}],"author":"Susanne Schulze","twitter_card":"summary_large_image","twitter_misc":{"Verfasst von":"Susanne Schulze","Gesch\u00e4tzte Lesezeit":"3\u00a0Minuten"},"schema":{"@context":"https:\/\/schema.org","@graph":[{"@type":"Article","@id":"https:\/\/grundschule-bad-lausick.de\/?p=299#article","isPartOf":{"@id":"https:\/\/grundschule-bad-lausick.de\/?p=299"},"author":{"name":"Susanne Schulze","@id":"https:\/\/grundschule-bad-lausick.de\/#\/schema\/person\/141a82e31c0a2a7352f68b998692c754"},"headline":"Die Grundschule Bad Lausick wird sch\u00f6ner","datePublished":"2021-11-09T11:33:00+00:00","dateModified":"2021-11-10T11:56:52+00:00","mainEntityOfPage":{"@id":"https:\/\/grundschule-bad-lausick.de\/?p=299"},"wordCount":259,"image":{"@id":"https:\/\/grundschule-bad-lausick.de\/?p=299#primaryimage"},"thumbnailUrl":"https:\/\/grundschule-bad-lausick.de\/wp-content\/uploads\/2021\/11\/IMG-20211101-WA0017-1024x768.jpg","articleSection":["Berichte"],"inLanguage":"de"},{"@type":"WebPage","@id":"https:\/\/grundschule-bad-lausick.de\/?p=299","url":"https:\/\/grundschule-bad-lausick.de\/?p=299","name":"Die Grundschule Bad Lausick wird sch\u00f6ner - Grundschule Bad Lausick","isPartOf":{"@id":"https:\/\/grundschule-bad-lausick.de\/#website"},"primaryImageOfPage":{"@id":"https:\/\/grundschule-bad-lausick.de\/?p=299#primaryimage"},"image":{"@id":"https:\/\/grundschule-bad-lausick.de\/?p=299#primaryimage"},"thumbnailUrl":"https:\/\/grundschule-bad-lausick.de\/wp-content\/uploads\/2021\/11\/IMG-20211101-WA0017-1024x768.jpg","datePublished":"2021-11-09T11:33:00+00:00","dateModified":"2021-11-10T11:56:52+00:00","author":{"@id":"https:\/\/grundschule-bad-lausick.de\/#\/schema\/person\/141a82e31c0a2a7352f68b998692c754"},"breadcrumb":{"@id":"https:\/\/grundschule-bad-lausick.de\/?p=299#breadcrumb"},"inLanguage":"de","potentialAction":[{"@type":"ReadAction","target":["https:\/\/grundschule-bad-lausick.de\/?p=299"]}]},{"@type":"ImageObject","inLanguage":"de","@id":"https:\/\/grundschule-bad-lausick.de\/?p=299#primaryimage","url":"https:\/\/grundschule-bad-lausick.de\/wp-content\/uploads\/2021\/11\/IMG-20211101-WA0017.jpg","contentUrl":"https:\/\/grundschule-bad-lausick.de\/wp-content\/uploads\/2021\/11\/IMG-20211101-WA0017.jpg","width":1600,"height":1200},{"@type":"BreadcrumbList","@id":"https:\/\/grundschule-bad-lausick.de\/?p=299#breadcrumb","itemListElement":[{"@type":"ListItem","position":1,"name":"Home","item":"https:\/\/grundschule-bad-lausick.de\/"},{"@type":"ListItem","position":2,"name":"Die Grundschule Bad Lausick wird sch\u00f6ner"}]},{"@type":"WebSite","@id":"https:\/\/grundschule-bad-lausick.de\/#website","url":"https:\/\/grundschule-bad-lausick.de\/","name":"Grundschule Bad Lausick","description":"\u201eAktiv mit allen Sinnen leben und lernen\u201c","potentialAction":[{"@type":"SearchAction","target":{"@type":"EntryPoint","urlTemplate":"https:\/\/grundschule-bad-lausick.de\/?s={search_term_string}"},"query-input":{"@type":"PropertyValueSpecification","valueRequired":true,"valueName":"search_term_string"}}],"inLanguage":"de"},{"@type":"Person","@id":"https:\/\/grundschule-bad-lausick.de\/#\/schema\/person\/141a82e31c0a2a7352f68b998692c754","name":"Susanne Schulze","image":{"@type":"ImageObject","inLanguage":"de","@id":"https:\/\/secure.gravatar.com\/avatar\/9abc3e7b7eb0d36c5dd120fa2ff94499b7f15280e1450749a1cc4edc0a37c508?s=96&d=mm&r=g","url":"https:\/\/secure.gravatar.com\/avatar\/9abc3e7b7eb0d36c5dd120fa2ff94499b7f15280e1450749a1cc4edc0a37c508?s=96&d=mm&r=g","contentUrl":"https:\/\/secure.gravatar.com\/avatar\/9abc3e7b7eb0d36c5dd120fa2ff94499b7f15280e1450749a1cc4edc0a37c508?s=96&d=mm&r=g","caption":"Susanne Schulze"},"url":"https:\/\/grundschule-bad-lausick.de\/?author=2"}]}},"_links":{"self":[{"href":"https:\/\/grundschule-bad-lausick.de\/index.php?rest_route=\/wp\/v2\/posts\/299","targetHints":{"allow":["GET"]}}],"collection":[{"href":"https:\/\/grundschule-bad-lausick.de\/index.php?rest_route=\/wp\/v2\/posts"}],"about":[{"href":"https:\/\/grundschule-bad-lausick.de\/index.php?rest_route=\/wp\/v2\/types\/post"}],"author":[{"embeddable":true,"href":"https:\/\/grundschule-bad-lausick.de\/index.php?rest_route=\/wp\/v2\/users\/2"}],"replies":[{"embeddable":true,"href":"https:\/\/grundschule-bad-lausick.de\/index.php?rest_route=%2Fwp%2Fv2%2Fcomments&post=299"}],"version-history":[{"count":6,"href":"https:\/\/grundschule-bad-lausick.de\/index.php?rest_route=\/wp\/v2\/posts\/299\/revisions"}],"predecessor-version":[{"id":982,"href":"https:\/\/grundschule-bad-lausick.de\/index.php?rest_route=\/wp\/v2\/posts\/299\/revisions\/982"}],"wp:attachment":[{"href":"https:\/\/grundschule-bad-lausick.de\/index.php?rest_route=%2Fwp%2Fv2%2Fmedia&parent=299"}],"wp:term":[{"taxonomy":"category","embeddable":true,"href":"https:\/\/grundschule-bad-lausick.de\/index.php?rest_route=%2Fwp%2Fv2%2Fcategories&post=299"},{"taxonomy":"post_tag","embeddable":true,"href":"https:\/\/grundschule-bad-lausick.de\/index.php?rest_route=%2Fwp%2Fv2%2Ftags&post=299"}],"curies":[{"name":"wp","href":"https:\/\/api.w.org\/{rel}","templated":true}]}}