{"id":221,"date":"2019-12-19T13:35:47","date_gmt":"2019-12-19T12:35:47","guid":{"rendered":"https:\/\/grundschule-bad-lausick.de\/?p=221"},"modified":"2019-12-20T10:00:04","modified_gmt":"2019-12-20T09:00:04","slug":"siegreich-beim-frohburger-dreieckslauf-2019","status":"publish","type":"post","link":"https:\/\/grundschule-bad-lausick.de\/?p=221","title":{"rendered":"Siegreich beim Frohburger Dreieckslauf 2019"},"content":{"rendered":"\n<p>Auch in diesem Jahr haben am 20. September 2019 Sch\u00fcler unserer Schule am Frohburger Dreieckslauf teilgenommen. Die  L\u00e4ufer waren sehr erfolgreich und haben gesamt den 2. Platz belegt und  f\u00fcr die Schule eine Spende in H\u00f6he von 100 EUR erk\u00e4mpft. Auch einen  ersten Platz konnte ein Sch\u00fcler in seiner Altersklasse erreichen.<\/p>\n\n\n\n<p> Ein gelungener Ausflug. Herzlichen Gl\u00fcckwunsch allen Teilnehmern und Gewinnern.<\/p>\n","protected":false},"excerpt":{"rendered":"<p>Auch in diesem Jahr haben am 20. September 2019 Sch\u00fcler unserer Schule am Frohburger Dreieckslauf teilgenommen. Die L\u00e4ufer waren sehr &hellip; <\/p>\n","protected":false},"author":1,"featured_media":0,"comment_status":"closed","ping_status":"closed","sticky":false,"template":"","format":"standard","meta":{"footnotes":""},"categories":[7],"tags":[],"class_list":["post-221","post","type-post","status-publish","format-standard","hentry","category-berichte"],"yoast_head":"<!-- This site is optimized with the Yoast SEO plugin v27.5 - https:\/\/yoast.com\/product\/yoast-seo-wordpress\/ -->\n<title>Siegreich beim Frohburger Dreieckslauf 2019 - Grundschule Bad Lausick<\/title>\n<meta name=\"description\" content=\"Auch in diesem Jahr haben am 20. September 2019 Sch\u00fcler unserer Schule am Frohburger Dreieckslauf teilgenommen. Die L\u00e4ufer waren sehr erfolgreich und haben gesamt den 2. Platz belegt und f\u00fcr die Schule eine Spende in H\u00f6he von 100 EUR erk\u00e4mpft. Auch einen ersten Platz konnte ein Sch\u00fcler in seiner Altersklasse erreichen.\" \/>\n<meta name=\"robots\" content=\"index, follow, max-snippet:-1, max-image-preview:large, max-video-preview:-1\" \/>\n<link rel=\"canonical\" href=\"https:\/\/grundschule-bad-lausick.de\/?p=221\" \/>\n<meta property=\"og:locale\" content=\"de_DE\" \/>\n<meta property=\"og:type\" content=\"article\" \/>\n<meta property=\"og:title\" content=\"Siegreich beim Frohburger Dreieckslauf 2019 - Grundschule Bad Lausick\" \/>\n<meta property=\"og:description\" content=\"Auch in diesem Jahr haben am 20. September 2019 Sch\u00fcler unserer Schule am Frohburger Dreieckslauf teilgenommen. Die L\u00e4ufer waren sehr erfolgreich und haben gesamt den 2. Platz belegt und f\u00fcr die Schule eine Spende in H\u00f6he von 100 EUR erk\u00e4mpft. Auch einen ersten Platz konnte ein Sch\u00fcler in seiner Altersklasse erreichen.\" \/>\n<meta property=\"og:url\" content=\"https:\/\/grundschule-bad-lausick.de\/?p=221\" \/>\n<meta property=\"og:site_name\" content=\"Grundschule Bad Lausick\" \/>\n<meta property=\"article:published_time\" content=\"2019-12-19T12:35:47+00:00\" \/>\n<meta property=\"article:modified_time\" content=\"2019-12-20T09:00:04+00:00\" \/>\n<meta name=\"author\" content=\"admin\" \/>\n<meta name=\"twitter:card\" content=\"summary_large_image\" \/>\n<meta name=\"twitter:label1\" content=\"Verfasst von\" \/>\n\t<meta name=\"twitter:data1\" content=\"admin\" \/>\n<script type=\"application\/ld+json\" class=\"yoast-schema-graph\">{\"@context\":\"https:\\\/\\\/schema.org\",\"@graph\":[{\"@type\":\"Article\",\"@id\":\"https:\\\/\\\/grundschule-bad-lausick.de\\\/?p=221#article\",\"isPartOf\":{\"@id\":\"https:\\\/\\\/grundschule-bad-lausick.de\\\/?p=221\"},\"author\":{\"name\":\"admin\",\"@id\":\"https:\\\/\\\/grundschule-bad-lausick.de\\\/#\\\/schema\\\/person\\\/83844c2bb92096b799b1f172be86144c\"},\"headline\":\"Siegreich beim Frohburger Dreieckslauf 2019\",\"datePublished\":\"2019-12-19T12:35:47+00:00\",\"dateModified\":\"2019-12-20T09:00:04+00:00\",\"mainEntityOfPage\":{\"@id\":\"https:\\\/\\\/grundschule-bad-lausick.de\\\/?p=221\"},\"wordCount\":67,\"articleSection\":[\"Berichte\"],\"inLanguage\":\"de\"},{\"@type\":\"WebPage\",\"@id\":\"https:\\\/\\\/grundschule-bad-lausick.de\\\/?p=221\",\"url\":\"https:\\\/\\\/grundschule-bad-lausick.de\\\/?p=221\",\"name\":\"Siegreich beim Frohburger Dreieckslauf 2019 - Grundschule Bad Lausick\",\"isPartOf\":{\"@id\":\"https:\\\/\\\/grundschule-bad-lausick.de\\\/#website\"},\"datePublished\":\"2019-12-19T12:35:47+00:00\",\"dateModified\":\"2019-12-20T09:00:04+00:00\",\"author\":{\"@id\":\"https:\\\/\\\/grundschule-bad-lausick.de\\\/#\\\/schema\\\/person\\\/83844c2bb92096b799b1f172be86144c\"},\"description\":\"Auch in diesem Jahr haben am 20. September 2019 Sch\u00fcler unserer Schule am Frohburger Dreieckslauf teilgenommen. Die L\u00e4ufer waren sehr erfolgreich und haben gesamt den 2. Platz belegt und f\u00fcr die Schule eine Spende in H\u00f6he von 100 EUR erk\u00e4mpft. Auch einen ersten Platz konnte ein Sch\u00fcler in seiner Altersklasse erreichen.\",\"breadcrumb\":{\"@id\":\"https:\\\/\\\/grundschule-bad-lausick.de\\\/?p=221#breadcrumb\"},\"inLanguage\":\"de\",\"potentialAction\":[{\"@type\":\"ReadAction\",\"target\":[\"https:\\\/\\\/grundschule-bad-lausick.de\\\/?p=221\"]}]},{\"@type\":\"BreadcrumbList\",\"@id\":\"https:\\\/\\\/grundschule-bad-lausick.de\\\/?p=221#breadcrumb\",\"itemListElement\":[{\"@type\":\"ListItem\",\"position\":1,\"name\":\"Home\",\"item\":\"https:\\\/\\\/grundschule-bad-lausick.de\\\/\"},{\"@type\":\"ListItem\",\"position\":2,\"name\":\"Siegreich beim Frohburger Dreieckslauf 2019\"}]},{\"@type\":\"WebSite\",\"@id\":\"https:\\\/\\\/grundschule-bad-lausick.de\\\/#website\",\"url\":\"https:\\\/\\\/grundschule-bad-lausick.de\\\/\",\"name\":\"Grundschule Bad Lausick\",\"description\":\"\u201eAktiv mit allen Sinnen leben und lernen\u201c\",\"potentialAction\":[{\"@type\":\"SearchAction\",\"target\":{\"@type\":\"EntryPoint\",\"urlTemplate\":\"https:\\\/\\\/grundschule-bad-lausick.de\\\/?s={search_term_string}\"},\"query-input\":{\"@type\":\"PropertyValueSpecification\",\"valueRequired\":true,\"valueName\":\"search_term_string\"}}],\"inLanguage\":\"de\"},{\"@type\":\"Person\",\"@id\":\"https:\\\/\\\/grundschule-bad-lausick.de\\\/#\\\/schema\\\/person\\\/83844c2bb92096b799b1f172be86144c\",\"name\":\"admin\",\"image\":{\"@type\":\"ImageObject\",\"inLanguage\":\"de\",\"@id\":\"https:\\\/\\\/secure.gravatar.com\\\/avatar\\\/dd20b76d0c3ce068a88e3830a01a7556faa17ef660c1857bd85ed488b4c5c26e?s=96&d=mm&r=g\",\"url\":\"https:\\\/\\\/secure.gravatar.com\\\/avatar\\\/dd20b76d0c3ce068a88e3830a01a7556faa17ef660c1857bd85ed488b4c5c26e?s=96&d=mm&r=g\",\"contentUrl\":\"https:\\\/\\\/secure.gravatar.com\\\/avatar\\\/dd20b76d0c3ce068a88e3830a01a7556faa17ef660c1857bd85ed488b4c5c26e?s=96&d=mm&r=g\",\"caption\":\"admin\"},\"url\":\"https:\\\/\\\/grundschule-bad-lausick.de\\\/?author=1\"}]}<\/script>\n<!-- \/ Yoast SEO plugin. -->","yoast_head_json":{"title":"Siegreich beim Frohburger Dreieckslauf 2019 - Grundschule Bad Lausick","description":"Auch in diesem Jahr haben am 20. September 2019 Sch\u00fcler unserer Schule am Frohburger Dreieckslauf teilgenommen. Die L\u00e4ufer waren sehr erfolgreich und haben gesamt den 2. Platz belegt und f\u00fcr die Schule eine Spende in H\u00f6he von 100 EUR erk\u00e4mpft. Auch einen ersten Platz konnte ein Sch\u00fcler in seiner Altersklasse erreichen.","robots":{"index":"index","follow":"follow","max-snippet":"max-snippet:-1","max-image-preview":"max-image-preview:large","max-video-preview":"max-video-preview:-1"},"canonical":"https:\/\/grundschule-bad-lausick.de\/?p=221","og_locale":"de_DE","og_type":"article","og_title":"Siegreich beim Frohburger Dreieckslauf 2019 - Grundschule Bad Lausick","og_description":"Auch in diesem Jahr haben am 20. September 2019 Sch\u00fcler unserer Schule am Frohburger Dreieckslauf teilgenommen. Die L\u00e4ufer waren sehr erfolgreich und haben gesamt den 2. Platz belegt und f\u00fcr die Schule eine Spende in H\u00f6he von 100 EUR erk\u00e4mpft. Auch einen ersten Platz konnte ein Sch\u00fcler in seiner Altersklasse erreichen.","og_url":"https:\/\/grundschule-bad-lausick.de\/?p=221","og_site_name":"Grundschule Bad Lausick","article_published_time":"2019-12-19T12:35:47+00:00","article_modified_time":"2019-12-20T09:00:04+00:00","author":"admin","twitter_card":"summary_large_image","twitter_misc":{"Verfasst von":"admin"},"schema":{"@context":"https:\/\/schema.org","@graph":[{"@type":"Article","@id":"https:\/\/grundschule-bad-lausick.de\/?p=221#article","isPartOf":{"@id":"https:\/\/grundschule-bad-lausick.de\/?p=221"},"author":{"name":"admin","@id":"https:\/\/grundschule-bad-lausick.de\/#\/schema\/person\/83844c2bb92096b799b1f172be86144c"},"headline":"Siegreich beim Frohburger Dreieckslauf 2019","datePublished":"2019-12-19T12:35:47+00:00","dateModified":"2019-12-20T09:00:04+00:00","mainEntityOfPage":{"@id":"https:\/\/grundschule-bad-lausick.de\/?p=221"},"wordCount":67,"articleSection":["Berichte"],"inLanguage":"de"},{"@type":"WebPage","@id":"https:\/\/grundschule-bad-lausick.de\/?p=221","url":"https:\/\/grundschule-bad-lausick.de\/?p=221","name":"Siegreich beim Frohburger Dreieckslauf 2019 - Grundschule Bad Lausick","isPartOf":{"@id":"https:\/\/grundschule-bad-lausick.de\/#website"},"datePublished":"2019-12-19T12:35:47+00:00","dateModified":"2019-12-20T09:00:04+00:00","author":{"@id":"https:\/\/grundschule-bad-lausick.de\/#\/schema\/person\/83844c2bb92096b799b1f172be86144c"},"description":"Auch in diesem Jahr haben am 20. September 2019 Sch\u00fcler unserer Schule am Frohburger Dreieckslauf teilgenommen. Die L\u00e4ufer waren sehr erfolgreich und haben gesamt den 2. Platz belegt und f\u00fcr die Schule eine Spende in H\u00f6he von 100 EUR erk\u00e4mpft. Auch einen ersten Platz konnte ein Sch\u00fcler in seiner Altersklasse erreichen.","breadcrumb":{"@id":"https:\/\/grundschule-bad-lausick.de\/?p=221#breadcrumb"},"inLanguage":"de","potentialAction":[{"@type":"ReadAction","target":["https:\/\/grundschule-bad-lausick.de\/?p=221"]}]},{"@type":"BreadcrumbList","@id":"https:\/\/grundschule-bad-lausick.de\/?p=221#breadcrumb","itemListElement":[{"@type":"ListItem","position":1,"name":"Home","item":"https:\/\/grundschule-bad-lausick.de\/"},{"@type":"ListItem","position":2,"name":"Siegreich beim Frohburger Dreieckslauf 2019"}]},{"@type":"WebSite","@id":"https:\/\/grundschule-bad-lausick.de\/#website","url":"https:\/\/grundschule-bad-lausick.de\/","name":"Grundschule Bad Lausick","description":"\u201eAktiv mit allen Sinnen leben und lernen\u201c","potentialAction":[{"@type":"SearchAction","target":{"@type":"EntryPoint","urlTemplate":"https:\/\/grundschule-bad-lausick.de\/?s={search_term_string}"},"query-input":{"@type":"PropertyValueSpecification","valueRequired":true,"valueName":"search_term_string"}}],"inLanguage":"de"},{"@type":"Person","@id":"https:\/\/grundschule-bad-lausick.de\/#\/schema\/person\/83844c2bb92096b799b1f172be86144c","name":"admin","image":{"@type":"ImageObject","inLanguage":"de","@id":"https:\/\/secure.gravatar.com\/avatar\/dd20b76d0c3ce068a88e3830a01a7556faa17ef660c1857bd85ed488b4c5c26e?s=96&d=mm&r=g","url":"https:\/\/secure.gravatar.com\/avatar\/dd20b76d0c3ce068a88e3830a01a7556faa17ef660c1857bd85ed488b4c5c26e?s=96&d=mm&r=g","contentUrl":"https:\/\/secure.gravatar.com\/avatar\/dd20b76d0c3ce068a88e3830a01a7556faa17ef660c1857bd85ed488b4c5c26e?s=96&d=mm&r=g","caption":"admin"},"url":"https:\/\/grundschule-bad-lausick.de\/?author=1"}]}},"_links":{"self":[{"href":"https:\/\/grundschule-bad-lausick.de\/index.php?rest_route=\/wp\/v2\/posts\/221","targetHints":{"allow":["GET"]}}],"collection":[{"href":"https:\/\/grundschule-bad-lausick.de\/index.php?rest_route=\/wp\/v2\/posts"}],"about":[{"href":"https:\/\/grundschule-bad-lausick.de\/index.php?rest_route=\/wp\/v2\/types\/post"}],"author":[{"embeddable":true,"href":"https:\/\/grundschule-bad-lausick.de\/index.php?rest_route=\/wp\/v2\/users\/1"}],"replies":[{"embeddable":true,"href":"https:\/\/grundschule-bad-lausick.de\/index.php?rest_route=%2Fwp%2Fv2%2Fcomments&post=221"}],"version-history":[{"count":1,"href":"https:\/\/grundschule-bad-lausick.de\/index.php?rest_route=\/wp\/v2\/posts\/221\/revisions"}],"predecessor-version":[{"id":222,"href":"https:\/\/grundschule-bad-lausick.de\/index.php?rest_route=\/wp\/v2\/posts\/221\/revisions\/222"}],"wp:attachment":[{"href":"https:\/\/grundschule-bad-lausick.de\/index.php?rest_route=%2Fwp%2Fv2%2Fmedia&parent=221"}],"wp:term":[{"taxonomy":"category","embeddable":true,"href":"https:\/\/grundschule-bad-lausick.de\/index.php?rest_route=%2Fwp%2Fv2%2Fcategories&post=221"},{"taxonomy":"post_tag","embeddable":true,"href":"https:\/\/grundschule-bad-lausick.de\/index.php?rest_route=%2Fwp%2Fv2%2Ftags&post=221"}],"curies":[{"name":"wp","href":"https:\/\/api.w.org\/{rel}","templated":true}]}}