{"id":215,"date":"2019-12-19T13:29:42","date_gmt":"2019-12-19T12:29:42","guid":{"rendered":"https:\/\/grundschule-bad-lausick.de\/?p=215"},"modified":"2019-12-19T20:12:17","modified_gmt":"2019-12-19T19:12:17","slug":"auf-entdeckertour-in-der-grundschule-bad-lausick","status":"publish","type":"post","link":"https:\/\/grundschule-bad-lausick.de\/?p=215","title":{"rendered":"Auf Entdeckertour in der Grundschule Bad Lausick"},"content":{"rendered":"\n<p>Auch in diesem Jahr wurden die im Sommer 2019 in der Grundschule Bad Lausick beginnenden Erstkl\u00e4ssler wieder mit einem Willkommensfest begr\u00fc\u00dft.<\/p>\n\n\n\n<div class=\"wp-block-image is-style-default\"><figure class=\"alignleft size-medium\"><img loading=\"lazy\" decoding=\"async\" width=\"300\" height=\"200\" src=\"https:\/\/grundschule-bad-lausick.de\/wp-content\/uploads\/2019\/12\/willkommens-fest-2-300x200.png\" alt=\"willkommesfest-auftritt\" class=\"wp-image-235\" srcset=\"https:\/\/grundschule-bad-lausick.de\/wp-content\/uploads\/2019\/12\/willkommens-fest-2-300x200.png 300w, https:\/\/grundschule-bad-lausick.de\/wp-content\/uploads\/2019\/12\/willkommens-fest-2-768x511.png 768w, https:\/\/grundschule-bad-lausick.de\/wp-content\/uploads\/2019\/12\/willkommens-fest-2.png 977w\" sizes=\"auto, (max-width: 300px) 100vw, 300px\" \/><figcaption>Auftritt in der Sporthalle<\/figcaption><\/figure><\/div>\n\n\n\n<p>Am Samstag, 16. M\u00e4rz 2019, wurde der Tag 9:00 Uhr in der Turnhalle er\u00f6ffnet. Der Chor begr\u00fc\u00dfte die ABC-Sch\u00fctzen singend und die Hip Hop Gruppe f\u00fchrte einen Tanz auf. Anschlie\u00dfend konnten die Kinder mit dem \u201eEntdeckerpass\u201c verschiedene Stationen in Schule und Hort Riff-Piraten erkunden. Von einer Lernwerkstatt f\u00fcr Schulanf\u00e4nger sowie Bastelarbeiten im Werkraum bis hin zum Zuckert\u00fcten basteln im Kreativzimmer war alles dabei. Dabei wachsen letztere ja erst zum Sommer auf dem Zuckert\u00fctenbaum. <\/p>\n\n\n\n<div class=\"wp-block-image is-style-default\"><figure class=\"alignright size-medium\"><img loading=\"lazy\" decoding=\"async\" width=\"300\" height=\"200\" src=\"https:\/\/grundschule-bad-lausick.de\/wp-content\/uploads\/2019\/12\/willkommens-fest-1-300x200.png\" alt=\"lecker-essen\" class=\"wp-image-234\" srcset=\"https:\/\/grundschule-bad-lausick.de\/wp-content\/uploads\/2019\/12\/willkommens-fest-1-300x200.png 300w, https:\/\/grundschule-bad-lausick.de\/wp-content\/uploads\/2019\/12\/willkommens-fest-1-768x511.png 768w, https:\/\/grundschule-bad-lausick.de\/wp-content\/uploads\/2019\/12\/willkommens-fest-1.png 975w\" sizes=\"auto, (max-width: 300px) 100vw, 300px\" \/><figcaption>Lecker Essen gab es auch<\/figcaption><\/figure><\/div>\n\n\n\n<p>Auch in diesem Jahr wurden die im Sommer 2019 in der Grundschule Bad Lausick beginnenden Erstkl\u00e4ssler wieder mit einem Willkommensfest begr\u00fc\u00dft. Am Samstag, 16. M\u00e4rz 2019, wurde der Tag 9:00 Uhr in der Turnhalle er\u00f6ffnet. Der Chor begr\u00fc\u00dfte die ABC-Sch\u00fctzen singend und die Hip Hop Gruppe f\u00fchrte einen Tanz auf. Anschlie\u00dfend konnten die Kinder mit dem \u201eEntdeckerpass\u201c verschiedene Stationen in Schule und Hort Riff-Piraten erkunden. Von einer Lernwerkstatt f\u00fcr Schulanf\u00e4nger sowie Bastelarbeiten im Werkraum bis hin zum Zuckert\u00fcten basteln im Kreativzimmer war alles dabei. Dabei wachsen letztere ja erst zum Sommer auf dem Zuckert\u00fctenbaum. <\/p>\n\n\n\n<div class=\"wp-block-image is-style-default\"><figure class=\"aligncenter size-large\"><img loading=\"lazy\" decoding=\"async\" width=\"1024\" height=\"455\" src=\"https:\/\/grundschule-bad-lausick.de\/wp-content\/uploads\/2019\/12\/willkommens-fest-4-1024x455.png\" alt=\"auftritt-unserer-grossen\" class=\"wp-image-237\" srcset=\"https:\/\/grundschule-bad-lausick.de\/wp-content\/uploads\/2019\/12\/willkommens-fest-4-1024x455.png 1024w, https:\/\/grundschule-bad-lausick.de\/wp-content\/uploads\/2019\/12\/willkommens-fest-4-300x133.png 300w, https:\/\/grundschule-bad-lausick.de\/wp-content\/uploads\/2019\/12\/willkommens-fest-4-768x341.png 768w, https:\/\/grundschule-bad-lausick.de\/wp-content\/uploads\/2019\/12\/willkommens-fest-4.png 1360w\" sizes=\"auto, (max-width: 1024px) 100vw, 1024px\" \/><figcaption>Auftritt der 4. Klassen<\/figcaption><\/figure><\/div>\n","protected":false},"excerpt":{"rendered":"<p>Auch in diesem Jahr wurden die im Sommer 2019 in der Grundschule Bad Lausick beginnenden Erstkl\u00e4ssler wieder mit einem Willkommensfest &hellip; <\/p>\n","protected":false},"author":1,"featured_media":0,"comment_status":"closed","ping_status":"closed","sticky":false,"template":"","format":"standard","meta":{"footnotes":""},"categories":[7],"tags":[],"class_list":["post-215","post","type-post","status-publish","format-standard","hentry","category-berichte"],"yoast_head":"<!-- This site is optimized with the Yoast SEO plugin v27.5 - https:\/\/yoast.com\/product\/yoast-seo-wordpress\/ -->\n<title>Auf Entdeckertour in der Grundschule Bad Lausick - Grundschule Bad Lausick<\/title>\n<meta name=\"description\" content=\"Auch in diesem Jahr wurden die im Sommer 2019 in der Grundschule Bad Lausick beginnenden Erstkl\u00e4ssler wieder mit einem Willkommensfest begr\u00fc\u00dft. Am Samstag, 16. M\u00e4rz 2019, wurde der Tag 9:00 Uhr in der Turnhalle er\u00f6ffnet.\" \/>\n<meta name=\"robots\" content=\"index, follow, max-snippet:-1, max-image-preview:large, max-video-preview:-1\" \/>\n<link rel=\"canonical\" href=\"https:\/\/grundschule-bad-lausick.de\/?p=215\" \/>\n<meta property=\"og:locale\" content=\"de_DE\" \/>\n<meta property=\"og:type\" content=\"article\" \/>\n<meta property=\"og:title\" content=\"Auf Entdeckertour in der Grundschule Bad Lausick - Grundschule Bad Lausick\" \/>\n<meta property=\"og:description\" content=\"Auch in diesem Jahr wurden die im Sommer 2019 in der Grundschule Bad Lausick beginnenden Erstkl\u00e4ssler wieder mit einem Willkommensfest begr\u00fc\u00dft. Am Samstag, 16. M\u00e4rz 2019, wurde der Tag 9:00 Uhr in der Turnhalle er\u00f6ffnet.\" \/>\n<meta property=\"og:url\" content=\"https:\/\/grundschule-bad-lausick.de\/?p=215\" \/>\n<meta property=\"og:site_name\" content=\"Grundschule Bad Lausick\" \/>\n<meta property=\"article:published_time\" content=\"2019-12-19T12:29:42+00:00\" \/>\n<meta property=\"article:modified_time\" content=\"2019-12-19T19:12:17+00:00\" \/>\n<meta property=\"og:image\" content=\"https:\/\/grundschule-bad-lausick.de\/wp-content\/uploads\/2019\/12\/willkommens-fest-2-300x200.png\" \/>\n<meta name=\"author\" content=\"admin\" \/>\n<meta name=\"twitter:card\" content=\"summary_large_image\" \/>\n<meta name=\"twitter:label1\" content=\"Verfasst von\" \/>\n\t<meta name=\"twitter:data1\" content=\"admin\" \/>\n\t<meta name=\"twitter:label2\" content=\"Gesch\u00e4tzte Lesezeit\" \/>\n\t<meta name=\"twitter:data2\" content=\"1\u00a0Minute\" \/>\n<script type=\"application\/ld+json\" class=\"yoast-schema-graph\">{\"@context\":\"https:\\\/\\\/schema.org\",\"@graph\":[{\"@type\":\"Article\",\"@id\":\"https:\\\/\\\/grundschule-bad-lausick.de\\\/?p=215#article\",\"isPartOf\":{\"@id\":\"https:\\\/\\\/grundschule-bad-lausick.de\\\/?p=215\"},\"author\":{\"name\":\"admin\",\"@id\":\"https:\\\/\\\/grundschule-bad-lausick.de\\\/#\\\/schema\\\/person\\\/83844c2bb92096b799b1f172be86144c\"},\"headline\":\"Auf Entdeckertour in der Grundschule Bad Lausick\",\"datePublished\":\"2019-12-19T12:29:42+00:00\",\"dateModified\":\"2019-12-19T19:12:17+00:00\",\"mainEntityOfPage\":{\"@id\":\"https:\\\/\\\/grundschule-bad-lausick.de\\\/?p=215\"},\"wordCount\":223,\"image\":{\"@id\":\"https:\\\/\\\/grundschule-bad-lausick.de\\\/?p=215#primaryimage\"},\"thumbnailUrl\":\"https:\\\/\\\/grundschule-bad-lausick.de\\\/wp-content\\\/uploads\\\/2019\\\/12\\\/willkommens-fest-2-300x200.png\",\"articleSection\":[\"Berichte\"],\"inLanguage\":\"de\"},{\"@type\":\"WebPage\",\"@id\":\"https:\\\/\\\/grundschule-bad-lausick.de\\\/?p=215\",\"url\":\"https:\\\/\\\/grundschule-bad-lausick.de\\\/?p=215\",\"name\":\"Auf Entdeckertour in der Grundschule Bad Lausick - Grundschule Bad Lausick\",\"isPartOf\":{\"@id\":\"https:\\\/\\\/grundschule-bad-lausick.de\\\/#website\"},\"primaryImageOfPage\":{\"@id\":\"https:\\\/\\\/grundschule-bad-lausick.de\\\/?p=215#primaryimage\"},\"image\":{\"@id\":\"https:\\\/\\\/grundschule-bad-lausick.de\\\/?p=215#primaryimage\"},\"thumbnailUrl\":\"https:\\\/\\\/grundschule-bad-lausick.de\\\/wp-content\\\/uploads\\\/2019\\\/12\\\/willkommens-fest-2-300x200.png\",\"datePublished\":\"2019-12-19T12:29:42+00:00\",\"dateModified\":\"2019-12-19T19:12:17+00:00\",\"author\":{\"@id\":\"https:\\\/\\\/grundschule-bad-lausick.de\\\/#\\\/schema\\\/person\\\/83844c2bb92096b799b1f172be86144c\"},\"description\":\"Auch in diesem Jahr wurden die im Sommer 2019 in der Grundschule Bad Lausick beginnenden Erstkl\u00e4ssler wieder mit einem Willkommensfest begr\u00fc\u00dft. Am Samstag, 16. M\u00e4rz 2019, wurde der Tag 9:00 Uhr in der Turnhalle er\u00f6ffnet.\",\"breadcrumb\":{\"@id\":\"https:\\\/\\\/grundschule-bad-lausick.de\\\/?p=215#breadcrumb\"},\"inLanguage\":\"de\",\"potentialAction\":[{\"@type\":\"ReadAction\",\"target\":[\"https:\\\/\\\/grundschule-bad-lausick.de\\\/?p=215\"]}]},{\"@type\":\"ImageObject\",\"inLanguage\":\"de\",\"@id\":\"https:\\\/\\\/grundschule-bad-lausick.de\\\/?p=215#primaryimage\",\"url\":\"https:\\\/\\\/grundschule-bad-lausick.de\\\/wp-content\\\/uploads\\\/2019\\\/12\\\/willkommens-fest-2.png\",\"contentUrl\":\"https:\\\/\\\/grundschule-bad-lausick.de\\\/wp-content\\\/uploads\\\/2019\\\/12\\\/willkommens-fest-2.png\",\"width\":977,\"height\":650,\"caption\":\"willkommesfest-auftritt\"},{\"@type\":\"BreadcrumbList\",\"@id\":\"https:\\\/\\\/grundschule-bad-lausick.de\\\/?p=215#breadcrumb\",\"itemListElement\":[{\"@type\":\"ListItem\",\"position\":1,\"name\":\"Home\",\"item\":\"https:\\\/\\\/grundschule-bad-lausick.de\\\/\"},{\"@type\":\"ListItem\",\"position\":2,\"name\":\"Auf Entdeckertour in der Grundschule Bad Lausick\"}]},{\"@type\":\"WebSite\",\"@id\":\"https:\\\/\\\/grundschule-bad-lausick.de\\\/#website\",\"url\":\"https:\\\/\\\/grundschule-bad-lausick.de\\\/\",\"name\":\"Grundschule Bad Lausick\",\"description\":\"\u201eAktiv mit allen Sinnen leben und lernen\u201c\",\"potentialAction\":[{\"@type\":\"SearchAction\",\"target\":{\"@type\":\"EntryPoint\",\"urlTemplate\":\"https:\\\/\\\/grundschule-bad-lausick.de\\\/?s={search_term_string}\"},\"query-input\":{\"@type\":\"PropertyValueSpecification\",\"valueRequired\":true,\"valueName\":\"search_term_string\"}}],\"inLanguage\":\"de\"},{\"@type\":\"Person\",\"@id\":\"https:\\\/\\\/grundschule-bad-lausick.de\\\/#\\\/schema\\\/person\\\/83844c2bb92096b799b1f172be86144c\",\"name\":\"admin\",\"image\":{\"@type\":\"ImageObject\",\"inLanguage\":\"de\",\"@id\":\"https:\\\/\\\/secure.gravatar.com\\\/avatar\\\/dd20b76d0c3ce068a88e3830a01a7556faa17ef660c1857bd85ed488b4c5c26e?s=96&d=mm&r=g\",\"url\":\"https:\\\/\\\/secure.gravatar.com\\\/avatar\\\/dd20b76d0c3ce068a88e3830a01a7556faa17ef660c1857bd85ed488b4c5c26e?s=96&d=mm&r=g\",\"contentUrl\":\"https:\\\/\\\/secure.gravatar.com\\\/avatar\\\/dd20b76d0c3ce068a88e3830a01a7556faa17ef660c1857bd85ed488b4c5c26e?s=96&d=mm&r=g\",\"caption\":\"admin\"},\"url\":\"https:\\\/\\\/grundschule-bad-lausick.de\\\/?author=1\"}]}<\/script>\n<!-- \/ Yoast SEO plugin. -->","yoast_head_json":{"title":"Auf Entdeckertour in der Grundschule Bad Lausick - Grundschule Bad Lausick","description":"Auch in diesem Jahr wurden die im Sommer 2019 in der Grundschule Bad Lausick beginnenden Erstkl\u00e4ssler wieder mit einem Willkommensfest begr\u00fc\u00dft. Am Samstag, 16. M\u00e4rz 2019, wurde der Tag 9:00 Uhr in der Turnhalle er\u00f6ffnet.","robots":{"index":"index","follow":"follow","max-snippet":"max-snippet:-1","max-image-preview":"max-image-preview:large","max-video-preview":"max-video-preview:-1"},"canonical":"https:\/\/grundschule-bad-lausick.de\/?p=215","og_locale":"de_DE","og_type":"article","og_title":"Auf Entdeckertour in der Grundschule Bad Lausick - Grundschule Bad Lausick","og_description":"Auch in diesem Jahr wurden die im Sommer 2019 in der Grundschule Bad Lausick beginnenden Erstkl\u00e4ssler wieder mit einem Willkommensfest begr\u00fc\u00dft. Am Samstag, 16. M\u00e4rz 2019, wurde der Tag 9:00 Uhr in der Turnhalle er\u00f6ffnet.","og_url":"https:\/\/grundschule-bad-lausick.de\/?p=215","og_site_name":"Grundschule Bad Lausick","article_published_time":"2019-12-19T12:29:42+00:00","article_modified_time":"2019-12-19T19:12:17+00:00","og_image":[{"url":"https:\/\/grundschule-bad-lausick.de\/wp-content\/uploads\/2019\/12\/willkommens-fest-2-300x200.png","type":"","width":"","height":""}],"author":"admin","twitter_card":"summary_large_image","twitter_misc":{"Verfasst von":"admin","Gesch\u00e4tzte Lesezeit":"1\u00a0Minute"},"schema":{"@context":"https:\/\/schema.org","@graph":[{"@type":"Article","@id":"https:\/\/grundschule-bad-lausick.de\/?p=215#article","isPartOf":{"@id":"https:\/\/grundschule-bad-lausick.de\/?p=215"},"author":{"name":"admin","@id":"https:\/\/grundschule-bad-lausick.de\/#\/schema\/person\/83844c2bb92096b799b1f172be86144c"},"headline":"Auf Entdeckertour in der Grundschule Bad Lausick","datePublished":"2019-12-19T12:29:42+00:00","dateModified":"2019-12-19T19:12:17+00:00","mainEntityOfPage":{"@id":"https:\/\/grundschule-bad-lausick.de\/?p=215"},"wordCount":223,"image":{"@id":"https:\/\/grundschule-bad-lausick.de\/?p=215#primaryimage"},"thumbnailUrl":"https:\/\/grundschule-bad-lausick.de\/wp-content\/uploads\/2019\/12\/willkommens-fest-2-300x200.png","articleSection":["Berichte"],"inLanguage":"de"},{"@type":"WebPage","@id":"https:\/\/grundschule-bad-lausick.de\/?p=215","url":"https:\/\/grundschule-bad-lausick.de\/?p=215","name":"Auf Entdeckertour in der Grundschule Bad Lausick - Grundschule Bad Lausick","isPartOf":{"@id":"https:\/\/grundschule-bad-lausick.de\/#website"},"primaryImageOfPage":{"@id":"https:\/\/grundschule-bad-lausick.de\/?p=215#primaryimage"},"image":{"@id":"https:\/\/grundschule-bad-lausick.de\/?p=215#primaryimage"},"thumbnailUrl":"https:\/\/grundschule-bad-lausick.de\/wp-content\/uploads\/2019\/12\/willkommens-fest-2-300x200.png","datePublished":"2019-12-19T12:29:42+00:00","dateModified":"2019-12-19T19:12:17+00:00","author":{"@id":"https:\/\/grundschule-bad-lausick.de\/#\/schema\/person\/83844c2bb92096b799b1f172be86144c"},"description":"Auch in diesem Jahr wurden die im Sommer 2019 in der Grundschule Bad Lausick beginnenden Erstkl\u00e4ssler wieder mit einem Willkommensfest begr\u00fc\u00dft. Am Samstag, 16. M\u00e4rz 2019, wurde der Tag 9:00 Uhr in der Turnhalle er\u00f6ffnet.","breadcrumb":{"@id":"https:\/\/grundschule-bad-lausick.de\/?p=215#breadcrumb"},"inLanguage":"de","potentialAction":[{"@type":"ReadAction","target":["https:\/\/grundschule-bad-lausick.de\/?p=215"]}]},{"@type":"ImageObject","inLanguage":"de","@id":"https:\/\/grundschule-bad-lausick.de\/?p=215#primaryimage","url":"https:\/\/grundschule-bad-lausick.de\/wp-content\/uploads\/2019\/12\/willkommens-fest-2.png","contentUrl":"https:\/\/grundschule-bad-lausick.de\/wp-content\/uploads\/2019\/12\/willkommens-fest-2.png","width":977,"height":650,"caption":"willkommesfest-auftritt"},{"@type":"BreadcrumbList","@id":"https:\/\/grundschule-bad-lausick.de\/?p=215#breadcrumb","itemListElement":[{"@type":"ListItem","position":1,"name":"Home","item":"https:\/\/grundschule-bad-lausick.de\/"},{"@type":"ListItem","position":2,"name":"Auf Entdeckertour in der Grundschule Bad Lausick"}]},{"@type":"WebSite","@id":"https:\/\/grundschule-bad-lausick.de\/#website","url":"https:\/\/grundschule-bad-lausick.de\/","name":"Grundschule Bad Lausick","description":"\u201eAktiv mit allen Sinnen leben und lernen\u201c","potentialAction":[{"@type":"SearchAction","target":{"@type":"EntryPoint","urlTemplate":"https:\/\/grundschule-bad-lausick.de\/?s={search_term_string}"},"query-input":{"@type":"PropertyValueSpecification","valueRequired":true,"valueName":"search_term_string"}}],"inLanguage":"de"},{"@type":"Person","@id":"https:\/\/grundschule-bad-lausick.de\/#\/schema\/person\/83844c2bb92096b799b1f172be86144c","name":"admin","image":{"@type":"ImageObject","inLanguage":"de","@id":"https:\/\/secure.gravatar.com\/avatar\/dd20b76d0c3ce068a88e3830a01a7556faa17ef660c1857bd85ed488b4c5c26e?s=96&d=mm&r=g","url":"https:\/\/secure.gravatar.com\/avatar\/dd20b76d0c3ce068a88e3830a01a7556faa17ef660c1857bd85ed488b4c5c26e?s=96&d=mm&r=g","contentUrl":"https:\/\/secure.gravatar.com\/avatar\/dd20b76d0c3ce068a88e3830a01a7556faa17ef660c1857bd85ed488b4c5c26e?s=96&d=mm&r=g","caption":"admin"},"url":"https:\/\/grundschule-bad-lausick.de\/?author=1"}]}},"_links":{"self":[{"href":"https:\/\/grundschule-bad-lausick.de\/index.php?rest_route=\/wp\/v2\/posts\/215","targetHints":{"allow":["GET"]}}],"collection":[{"href":"https:\/\/grundschule-bad-lausick.de\/index.php?rest_route=\/wp\/v2\/posts"}],"about":[{"href":"https:\/\/grundschule-bad-lausick.de\/index.php?rest_route=\/wp\/v2\/types\/post"}],"author":[{"embeddable":true,"href":"https:\/\/grundschule-bad-lausick.de\/index.php?rest_route=\/wp\/v2\/users\/1"}],"replies":[{"embeddable":true,"href":"https:\/\/grundschule-bad-lausick.de\/index.php?rest_route=%2Fwp%2Fv2%2Fcomments&post=215"}],"version-history":[{"count":6,"href":"https:\/\/grundschule-bad-lausick.de\/index.php?rest_route=\/wp\/v2\/posts\/215\/revisions"}],"predecessor-version":[{"id":242,"href":"https:\/\/grundschule-bad-lausick.de\/index.php?rest_route=\/wp\/v2\/posts\/215\/revisions\/242"}],"wp:attachment":[{"href":"https:\/\/grundschule-bad-lausick.de\/index.php?rest_route=%2Fwp%2Fv2%2Fmedia&parent=215"}],"wp:term":[{"taxonomy":"category","embeddable":true,"href":"https:\/\/grundschule-bad-lausick.de\/index.php?rest_route=%2Fwp%2Fv2%2Fcategories&post=215"},{"taxonomy":"post_tag","embeddable":true,"href":"https:\/\/grundschule-bad-lausick.de\/index.php?rest_route=%2Fwp%2Fv2%2Ftags&post=215"}],"curies":[{"name":"wp","href":"https:\/\/api.w.org\/{rel}","templated":true}]}}