{"id":211,"date":"2019-12-19T13:21:55","date_gmt":"2019-12-19T12:21:55","guid":{"rendered":"https:\/\/grundschule-bad-lausick.de\/?p=211"},"modified":"2019-12-19T13:23:10","modified_gmt":"2019-12-19T12:23:10","slug":"obst-gemuese-und-milchprodukte-wieder-frei-haus","status":"publish","type":"post","link":"https:\/\/grundschule-bad-lausick.de\/?p=211","title":{"rendered":"Obst, Gem\u00fcse und Milchprodukte wieder frei Haus"},"content":{"rendered":"\n<p>Unsere Grundschule nimmt am EU-Schulprogramm mit finanzieller Unterst\u00fctzung der Europ\u00e4ischen Union teil.<\/p>\n\n\n\n<p>Auch  in diesem Jahr hat sich die Schule erfolgreich f\u00fcr die Teilnahme am  EU-Schulprogramm und damit einer Exraportion Obst, Gem\u00fcse, Milchprodukte  f\u00fcr das Schuljahr 2018\/ 2019 beworben.<\/p>\n\n\n\n<p><a href=\"http:\/\/www.schulobst-milch.sachsen.de\/\">www.schulobst-milch.sachsen.de<\/a><\/p>\n","protected":false},"excerpt":{"rendered":"<p>Unsere Grundschule nimmt am EU-Schulprogramm mit finanzieller Unterst\u00fctzung der Europ\u00e4ischen Union teil. Auch in diesem Jahr hat sich die Schule &hellip; <\/p>\n","protected":false},"author":1,"featured_media":0,"comment_status":"closed","ping_status":"closed","sticky":false,"template":"","format":"standard","meta":{"footnotes":""},"categories":[7],"tags":[],"class_list":["post-211","post","type-post","status-publish","format-standard","hentry","category-berichte"],"yoast_head":"<!-- This site is optimized with the Yoast SEO plugin v27.5 - https:\/\/yoast.com\/product\/yoast-seo-wordpress\/ -->\n<title>Obst, Gem\u00fcse und Milchprodukte wieder frei Haus - Grundschule Bad Lausick<\/title>\n<meta name=\"robots\" content=\"index, follow, max-snippet:-1, max-image-preview:large, max-video-preview:-1\" \/>\n<link rel=\"canonical\" href=\"https:\/\/grundschule-bad-lausick.de\/?p=211\" \/>\n<meta property=\"og:locale\" content=\"de_DE\" \/>\n<meta property=\"og:type\" content=\"article\" \/>\n<meta property=\"og:title\" content=\"Obst, Gem\u00fcse und Milchprodukte wieder frei Haus - Grundschule Bad Lausick\" \/>\n<meta property=\"og:description\" content=\"Unsere Grundschule nimmt am EU-Schulprogramm mit finanzieller Unterst\u00fctzung der Europ\u00e4ischen Union teil. Auch in diesem Jahr hat sich die Schule &hellip;\" \/>\n<meta property=\"og:url\" content=\"https:\/\/grundschule-bad-lausick.de\/?p=211\" \/>\n<meta property=\"og:site_name\" content=\"Grundschule Bad Lausick\" \/>\n<meta property=\"article:published_time\" content=\"2019-12-19T12:21:55+00:00\" \/>\n<meta property=\"article:modified_time\" content=\"2019-12-19T12:23:10+00:00\" \/>\n<meta name=\"author\" content=\"admin\" \/>\n<meta name=\"twitter:card\" content=\"summary_large_image\" \/>\n<meta name=\"twitter:label1\" content=\"Verfasst von\" \/>\n\t<meta name=\"twitter:data1\" content=\"admin\" \/>\n<script type=\"application\/ld+json\" class=\"yoast-schema-graph\">{\"@context\":\"https:\\\/\\\/schema.org\",\"@graph\":[{\"@type\":\"Article\",\"@id\":\"https:\\\/\\\/grundschule-bad-lausick.de\\\/?p=211#article\",\"isPartOf\":{\"@id\":\"https:\\\/\\\/grundschule-bad-lausick.de\\\/?p=211\"},\"author\":{\"name\":\"admin\",\"@id\":\"https:\\\/\\\/grundschule-bad-lausick.de\\\/#\\\/schema\\\/person\\\/83844c2bb92096b799b1f172be86144c\"},\"headline\":\"Obst, Gem\u00fcse und Milchprodukte wieder frei Haus\",\"datePublished\":\"2019-12-19T12:21:55+00:00\",\"dateModified\":\"2019-12-19T12:23:10+00:00\",\"mainEntityOfPage\":{\"@id\":\"https:\\\/\\\/grundschule-bad-lausick.de\\\/?p=211\"},\"wordCount\":54,\"articleSection\":[\"Berichte\"],\"inLanguage\":\"de\"},{\"@type\":\"WebPage\",\"@id\":\"https:\\\/\\\/grundschule-bad-lausick.de\\\/?p=211\",\"url\":\"https:\\\/\\\/grundschule-bad-lausick.de\\\/?p=211\",\"name\":\"Obst, Gem\u00fcse und Milchprodukte wieder frei Haus - Grundschule Bad Lausick\",\"isPartOf\":{\"@id\":\"https:\\\/\\\/grundschule-bad-lausick.de\\\/#website\"},\"datePublished\":\"2019-12-19T12:21:55+00:00\",\"dateModified\":\"2019-12-19T12:23:10+00:00\",\"author\":{\"@id\":\"https:\\\/\\\/grundschule-bad-lausick.de\\\/#\\\/schema\\\/person\\\/83844c2bb92096b799b1f172be86144c\"},\"breadcrumb\":{\"@id\":\"https:\\\/\\\/grundschule-bad-lausick.de\\\/?p=211#breadcrumb\"},\"inLanguage\":\"de\",\"potentialAction\":[{\"@type\":\"ReadAction\",\"target\":[\"https:\\\/\\\/grundschule-bad-lausick.de\\\/?p=211\"]}]},{\"@type\":\"BreadcrumbList\",\"@id\":\"https:\\\/\\\/grundschule-bad-lausick.de\\\/?p=211#breadcrumb\",\"itemListElement\":[{\"@type\":\"ListItem\",\"position\":1,\"name\":\"Home\",\"item\":\"https:\\\/\\\/grundschule-bad-lausick.de\\\/\"},{\"@type\":\"ListItem\",\"position\":2,\"name\":\"Obst, Gem\u00fcse und Milchprodukte wieder frei Haus\"}]},{\"@type\":\"WebSite\",\"@id\":\"https:\\\/\\\/grundschule-bad-lausick.de\\\/#website\",\"url\":\"https:\\\/\\\/grundschule-bad-lausick.de\\\/\",\"name\":\"Grundschule Bad Lausick\",\"description\":\"\u201eAktiv mit allen Sinnen leben und lernen\u201c\",\"potentialAction\":[{\"@type\":\"SearchAction\",\"target\":{\"@type\":\"EntryPoint\",\"urlTemplate\":\"https:\\\/\\\/grundschule-bad-lausick.de\\\/?s={search_term_string}\"},\"query-input\":{\"@type\":\"PropertyValueSpecification\",\"valueRequired\":true,\"valueName\":\"search_term_string\"}}],\"inLanguage\":\"de\"},{\"@type\":\"Person\",\"@id\":\"https:\\\/\\\/grundschule-bad-lausick.de\\\/#\\\/schema\\\/person\\\/83844c2bb92096b799b1f172be86144c\",\"name\":\"admin\",\"image\":{\"@type\":\"ImageObject\",\"inLanguage\":\"de\",\"@id\":\"https:\\\/\\\/secure.gravatar.com\\\/avatar\\\/dd20b76d0c3ce068a88e3830a01a7556faa17ef660c1857bd85ed488b4c5c26e?s=96&d=mm&r=g\",\"url\":\"https:\\\/\\\/secure.gravatar.com\\\/avatar\\\/dd20b76d0c3ce068a88e3830a01a7556faa17ef660c1857bd85ed488b4c5c26e?s=96&d=mm&r=g\",\"contentUrl\":\"https:\\\/\\\/secure.gravatar.com\\\/avatar\\\/dd20b76d0c3ce068a88e3830a01a7556faa17ef660c1857bd85ed488b4c5c26e?s=96&d=mm&r=g\",\"caption\":\"admin\"},\"url\":\"https:\\\/\\\/grundschule-bad-lausick.de\\\/?author=1\"}]}<\/script>\n<!-- \/ Yoast SEO plugin. -->","yoast_head_json":{"title":"Obst, Gem\u00fcse und Milchprodukte wieder frei Haus - Grundschule Bad Lausick","robots":{"index":"index","follow":"follow","max-snippet":"max-snippet:-1","max-image-preview":"max-image-preview:large","max-video-preview":"max-video-preview:-1"},"canonical":"https:\/\/grundschule-bad-lausick.de\/?p=211","og_locale":"de_DE","og_type":"article","og_title":"Obst, Gem\u00fcse und Milchprodukte wieder frei Haus - Grundschule Bad Lausick","og_description":"Unsere Grundschule nimmt am EU-Schulprogramm mit finanzieller Unterst\u00fctzung der Europ\u00e4ischen Union teil. Auch in diesem Jahr hat sich die Schule &hellip;","og_url":"https:\/\/grundschule-bad-lausick.de\/?p=211","og_site_name":"Grundschule Bad Lausick","article_published_time":"2019-12-19T12:21:55+00:00","article_modified_time":"2019-12-19T12:23:10+00:00","author":"admin","twitter_card":"summary_large_image","twitter_misc":{"Verfasst von":"admin"},"schema":{"@context":"https:\/\/schema.org","@graph":[{"@type":"Article","@id":"https:\/\/grundschule-bad-lausick.de\/?p=211#article","isPartOf":{"@id":"https:\/\/grundschule-bad-lausick.de\/?p=211"},"author":{"name":"admin","@id":"https:\/\/grundschule-bad-lausick.de\/#\/schema\/person\/83844c2bb92096b799b1f172be86144c"},"headline":"Obst, Gem\u00fcse und Milchprodukte wieder frei Haus","datePublished":"2019-12-19T12:21:55+00:00","dateModified":"2019-12-19T12:23:10+00:00","mainEntityOfPage":{"@id":"https:\/\/grundschule-bad-lausick.de\/?p=211"},"wordCount":54,"articleSection":["Berichte"],"inLanguage":"de"},{"@type":"WebPage","@id":"https:\/\/grundschule-bad-lausick.de\/?p=211","url":"https:\/\/grundschule-bad-lausick.de\/?p=211","name":"Obst, Gem\u00fcse und Milchprodukte wieder frei Haus - Grundschule Bad Lausick","isPartOf":{"@id":"https:\/\/grundschule-bad-lausick.de\/#website"},"datePublished":"2019-12-19T12:21:55+00:00","dateModified":"2019-12-19T12:23:10+00:00","author":{"@id":"https:\/\/grundschule-bad-lausick.de\/#\/schema\/person\/83844c2bb92096b799b1f172be86144c"},"breadcrumb":{"@id":"https:\/\/grundschule-bad-lausick.de\/?p=211#breadcrumb"},"inLanguage":"de","potentialAction":[{"@type":"ReadAction","target":["https:\/\/grundschule-bad-lausick.de\/?p=211"]}]},{"@type":"BreadcrumbList","@id":"https:\/\/grundschule-bad-lausick.de\/?p=211#breadcrumb","itemListElement":[{"@type":"ListItem","position":1,"name":"Home","item":"https:\/\/grundschule-bad-lausick.de\/"},{"@type":"ListItem","position":2,"name":"Obst, Gem\u00fcse und Milchprodukte wieder frei Haus"}]},{"@type":"WebSite","@id":"https:\/\/grundschule-bad-lausick.de\/#website","url":"https:\/\/grundschule-bad-lausick.de\/","name":"Grundschule Bad Lausick","description":"\u201eAktiv mit allen Sinnen leben und lernen\u201c","potentialAction":[{"@type":"SearchAction","target":{"@type":"EntryPoint","urlTemplate":"https:\/\/grundschule-bad-lausick.de\/?s={search_term_string}"},"query-input":{"@type":"PropertyValueSpecification","valueRequired":true,"valueName":"search_term_string"}}],"inLanguage":"de"},{"@type":"Person","@id":"https:\/\/grundschule-bad-lausick.de\/#\/schema\/person\/83844c2bb92096b799b1f172be86144c","name":"admin","image":{"@type":"ImageObject","inLanguage":"de","@id":"https:\/\/secure.gravatar.com\/avatar\/dd20b76d0c3ce068a88e3830a01a7556faa17ef660c1857bd85ed488b4c5c26e?s=96&d=mm&r=g","url":"https:\/\/secure.gravatar.com\/avatar\/dd20b76d0c3ce068a88e3830a01a7556faa17ef660c1857bd85ed488b4c5c26e?s=96&d=mm&r=g","contentUrl":"https:\/\/secure.gravatar.com\/avatar\/dd20b76d0c3ce068a88e3830a01a7556faa17ef660c1857bd85ed488b4c5c26e?s=96&d=mm&r=g","caption":"admin"},"url":"https:\/\/grundschule-bad-lausick.de\/?author=1"}]}},"_links":{"self":[{"href":"https:\/\/grundschule-bad-lausick.de\/index.php?rest_route=\/wp\/v2\/posts\/211","targetHints":{"allow":["GET"]}}],"collection":[{"href":"https:\/\/grundschule-bad-lausick.de\/index.php?rest_route=\/wp\/v2\/posts"}],"about":[{"href":"https:\/\/grundschule-bad-lausick.de\/index.php?rest_route=\/wp\/v2\/types\/post"}],"author":[{"embeddable":true,"href":"https:\/\/grundschule-bad-lausick.de\/index.php?rest_route=\/wp\/v2\/users\/1"}],"replies":[{"embeddable":true,"href":"https:\/\/grundschule-bad-lausick.de\/index.php?rest_route=%2Fwp%2Fv2%2Fcomments&post=211"}],"version-history":[{"count":1,"href":"https:\/\/grundschule-bad-lausick.de\/index.php?rest_route=\/wp\/v2\/posts\/211\/revisions"}],"predecessor-version":[{"id":212,"href":"https:\/\/grundschule-bad-lausick.de\/index.php?rest_route=\/wp\/v2\/posts\/211\/revisions\/212"}],"wp:attachment":[{"href":"https:\/\/grundschule-bad-lausick.de\/index.php?rest_route=%2Fwp%2Fv2%2Fmedia&parent=211"}],"wp:term":[{"taxonomy":"category","embeddable":true,"href":"https:\/\/grundschule-bad-lausick.de\/index.php?rest_route=%2Fwp%2Fv2%2Fcategories&post=211"},{"taxonomy":"post_tag","embeddable":true,"href":"https:\/\/grundschule-bad-lausick.de\/index.php?rest_route=%2Fwp%2Fv2%2Ftags&post=211"}],"curies":[{"name":"wp","href":"https:\/\/api.w.org\/{rel}","templated":true}]}}