{"id":209,"date":"2019-12-19T13:18:30","date_gmt":"2019-12-19T12:18:30","guid":{"rendered":"https:\/\/grundschule-bad-lausick.de\/?p=209"},"modified":"2019-12-19T13:18:31","modified_gmt":"2019-12-19T12:18:31","slug":"abschlussfest-an-der-grundschule-zum-start-in-die-sommerferien","status":"publish","type":"post","link":"https:\/\/grundschule-bad-lausick.de\/?p=209","title":{"rendered":"Abschlussfest an der Grundschule zum Start in die Sommerferien"},"content":{"rendered":"\n<p>In guter Tradition fand auch in diesem Jahr das Abschlussfest der Grundschule Bad Lausick und dem Hort Riff-Piraten am letzten Donnerstag vor den Sommerferien (28. Juni 2018) statt. In diesem Jahr wurde auf dem Schulhofgel\u00e4nde gefeiert, da am Schmetterling alle Vorbereitungen f\u00fcr das Brunnenfest getroffen wurden.<\/p>\n\n\n\n<p>Um 14 Uhr wurde das Abschlussfest feierlich auf der B\u00fchne durch die stv. Schulleiterin Frau Bornschier er\u00f6ffnet. Zun\u00e4chst erhielten wieder einige Sch\u00fcler verdiente Auszeichnungen: den F\u00f6rderpreis f\u00fcr soziales Verhalten, den Gewinn der Mathematikolympiade und des Lesefestes sowie f\u00fcr sehr gute sportliche Leistungen im Badminton und Schach. Stolz nahmen alle Preistr\u00e4ger ihre Urkunden und Pr\u00e4sente entgegen. An dieser Stelle ein gro\u00dfes Dankesch\u00f6n an die Sponsoren des Riff Bad Lausick, der Median Klinik, unserem B\u00fcrgermeister Herrn Hultsch und dem F\u00f6rderverein der Grundschule Bad Lausick.<\/p>\n\n\n\n<p>Nachdem sich die 4. Klassen mit einem kleinen Programm von ihrer Grundschulzeit verabschiedet hatten, konnten bei Sommer, Sonne aber auch ein bisschen Nieselregen verschiedene Stationen besucht werden. F\u00fcr kulinarische K\u00f6stlichkeiten war zum Beispiel durch RWS Catering und Familie Loth gesorgt sowie durch leckeren Kuchen von Eltern der Grundsch\u00fcler. Hierf\u00fcr ein herzliches Dankesch\u00f6n. Ein besonderes Dankesch\u00f6n geht an Frau Fischer (Mutti der Klasse 1c). Sie hat mit gro\u00dfem Engagement die Preise f\u00fcr das Gl\u00fccksrad organisiert. Danke an alle Bad Lausicker Unternehmen, die sich hier beteiligt haben. F\u00fcr jeden war etwas dabei und nun konnte die Sommerferienzeit beginnen.<\/p>\n\n\n\n<p>Abschlie\u00dfend ein Dank an alle Lehrer und Mitarbeiter, Erzieher, Eltern und helfenden H\u00e4nde, ohne die diese Feste und viele Erlebnisse f\u00fcr die Kinder nicht m\u00f6glich w\u00e4ren!<\/p>\n","protected":false},"excerpt":{"rendered":"<p>In guter Tradition fand auch in diesem Jahr das Abschlussfest der Grundschule Bad Lausick und dem Hort Riff-Piraten am letzten &hellip; <\/p>\n","protected":false},"author":1,"featured_media":0,"comment_status":"closed","ping_status":"closed","sticky":false,"template":"","format":"standard","meta":{"footnotes":""},"categories":[7],"tags":[],"class_list":["post-209","post","type-post","status-publish","format-standard","hentry","category-berichte"],"yoast_head":"<!-- This site is optimized with the Yoast SEO plugin v27.5 - https:\/\/yoast.com\/product\/yoast-seo-wordpress\/ -->\n<title>Abschlussfest an der Grundschule zum Start in die Sommerferien - Grundschule Bad Lausick<\/title>\n<meta name=\"description\" content=\"In guter Tradition fand auch in diesem Jahr das Abschlussfest der Grundschule Bad Lausick und dem Hort Riff-Piraten am letzten Donnerstag vor den Sommerferien (28. Juni 2018) statt. In diesem Jahr wurde auf dem Schulhofgel\u00e4nde gefeiert, da am Schmetterling alle Vorbereitungen f\u00fcr das Brunnenfest getroffen wurden.\" \/>\n<meta name=\"robots\" content=\"index, follow, max-snippet:-1, max-image-preview:large, max-video-preview:-1\" \/>\n<link rel=\"canonical\" href=\"https:\/\/grundschule-bad-lausick.de\/?p=209\" \/>\n<meta property=\"og:locale\" content=\"de_DE\" \/>\n<meta property=\"og:type\" content=\"article\" \/>\n<meta property=\"og:title\" content=\"Abschlussfest an der Grundschule zum Start in die Sommerferien - Grundschule Bad Lausick\" \/>\n<meta property=\"og:description\" content=\"In guter Tradition fand auch in diesem Jahr das Abschlussfest der Grundschule Bad Lausick und dem Hort Riff-Piraten am letzten Donnerstag vor den Sommerferien (28. Juni 2018) statt. In diesem Jahr wurde auf dem Schulhofgel\u00e4nde gefeiert, da am Schmetterling alle Vorbereitungen f\u00fcr das Brunnenfest getroffen wurden.\" \/>\n<meta property=\"og:url\" content=\"https:\/\/grundschule-bad-lausick.de\/?p=209\" \/>\n<meta property=\"og:site_name\" content=\"Grundschule Bad Lausick\" \/>\n<meta property=\"article:published_time\" content=\"2019-12-19T12:18:30+00:00\" \/>\n<meta property=\"article:modified_time\" content=\"2019-12-19T12:18:31+00:00\" \/>\n<meta name=\"author\" content=\"admin\" \/>\n<meta name=\"twitter:card\" content=\"summary_large_image\" \/>\n<meta name=\"twitter:label1\" content=\"Verfasst von\" \/>\n\t<meta name=\"twitter:data1\" content=\"admin\" \/>\n\t<meta name=\"twitter:label2\" content=\"Gesch\u00e4tzte Lesezeit\" \/>\n\t<meta name=\"twitter:data2\" content=\"1\u00a0Minute\" \/>\n<script type=\"application\/ld+json\" class=\"yoast-schema-graph\">{\"@context\":\"https:\\\/\\\/schema.org\",\"@graph\":[{\"@type\":\"Article\",\"@id\":\"https:\\\/\\\/grundschule-bad-lausick.de\\\/?p=209#article\",\"isPartOf\":{\"@id\":\"https:\\\/\\\/grundschule-bad-lausick.de\\\/?p=209\"},\"author\":{\"name\":\"admin\",\"@id\":\"https:\\\/\\\/grundschule-bad-lausick.de\\\/#\\\/schema\\\/person\\\/83844c2bb92096b799b1f172be86144c\"},\"headline\":\"Abschlussfest an der Grundschule zum Start in die Sommerferien\",\"datePublished\":\"2019-12-19T12:18:30+00:00\",\"dateModified\":\"2019-12-19T12:18:31+00:00\",\"mainEntityOfPage\":{\"@id\":\"https:\\\/\\\/grundschule-bad-lausick.de\\\/?p=209\"},\"wordCount\":285,\"articleSection\":[\"Berichte\"],\"inLanguage\":\"de\"},{\"@type\":\"WebPage\",\"@id\":\"https:\\\/\\\/grundschule-bad-lausick.de\\\/?p=209\",\"url\":\"https:\\\/\\\/grundschule-bad-lausick.de\\\/?p=209\",\"name\":\"Abschlussfest an der Grundschule zum Start in die Sommerferien - Grundschule Bad Lausick\",\"isPartOf\":{\"@id\":\"https:\\\/\\\/grundschule-bad-lausick.de\\\/#website\"},\"datePublished\":\"2019-12-19T12:18:30+00:00\",\"dateModified\":\"2019-12-19T12:18:31+00:00\",\"author\":{\"@id\":\"https:\\\/\\\/grundschule-bad-lausick.de\\\/#\\\/schema\\\/person\\\/83844c2bb92096b799b1f172be86144c\"},\"description\":\"In guter Tradition fand auch in diesem Jahr das Abschlussfest der Grundschule Bad Lausick und dem Hort Riff-Piraten am letzten Donnerstag vor den Sommerferien (28. Juni 2018) statt. In diesem Jahr wurde auf dem Schulhofgel\u00e4nde gefeiert, da am Schmetterling alle Vorbereitungen f\u00fcr das Brunnenfest getroffen wurden.\",\"breadcrumb\":{\"@id\":\"https:\\\/\\\/grundschule-bad-lausick.de\\\/?p=209#breadcrumb\"},\"inLanguage\":\"de\",\"potentialAction\":[{\"@type\":\"ReadAction\",\"target\":[\"https:\\\/\\\/grundschule-bad-lausick.de\\\/?p=209\"]}]},{\"@type\":\"BreadcrumbList\",\"@id\":\"https:\\\/\\\/grundschule-bad-lausick.de\\\/?p=209#breadcrumb\",\"itemListElement\":[{\"@type\":\"ListItem\",\"position\":1,\"name\":\"Home\",\"item\":\"https:\\\/\\\/grundschule-bad-lausick.de\\\/\"},{\"@type\":\"ListItem\",\"position\":2,\"name\":\"Abschlussfest an der Grundschule zum Start in die Sommerferien\"}]},{\"@type\":\"WebSite\",\"@id\":\"https:\\\/\\\/grundschule-bad-lausick.de\\\/#website\",\"url\":\"https:\\\/\\\/grundschule-bad-lausick.de\\\/\",\"name\":\"Grundschule Bad Lausick\",\"description\":\"\u201eAktiv mit allen Sinnen leben und lernen\u201c\",\"potentialAction\":[{\"@type\":\"SearchAction\",\"target\":{\"@type\":\"EntryPoint\",\"urlTemplate\":\"https:\\\/\\\/grundschule-bad-lausick.de\\\/?s={search_term_string}\"},\"query-input\":{\"@type\":\"PropertyValueSpecification\",\"valueRequired\":true,\"valueName\":\"search_term_string\"}}],\"inLanguage\":\"de\"},{\"@type\":\"Person\",\"@id\":\"https:\\\/\\\/grundschule-bad-lausick.de\\\/#\\\/schema\\\/person\\\/83844c2bb92096b799b1f172be86144c\",\"name\":\"admin\",\"image\":{\"@type\":\"ImageObject\",\"inLanguage\":\"de\",\"@id\":\"https:\\\/\\\/secure.gravatar.com\\\/avatar\\\/dd20b76d0c3ce068a88e3830a01a7556faa17ef660c1857bd85ed488b4c5c26e?s=96&d=mm&r=g\",\"url\":\"https:\\\/\\\/secure.gravatar.com\\\/avatar\\\/dd20b76d0c3ce068a88e3830a01a7556faa17ef660c1857bd85ed488b4c5c26e?s=96&d=mm&r=g\",\"contentUrl\":\"https:\\\/\\\/secure.gravatar.com\\\/avatar\\\/dd20b76d0c3ce068a88e3830a01a7556faa17ef660c1857bd85ed488b4c5c26e?s=96&d=mm&r=g\",\"caption\":\"admin\"},\"url\":\"https:\\\/\\\/grundschule-bad-lausick.de\\\/?author=1\"}]}<\/script>\n<!-- \/ Yoast SEO plugin. -->","yoast_head_json":{"title":"Abschlussfest an der Grundschule zum Start in die Sommerferien - Grundschule Bad Lausick","description":"In guter Tradition fand auch in diesem Jahr das Abschlussfest der Grundschule Bad Lausick und dem Hort Riff-Piraten am letzten Donnerstag vor den Sommerferien (28. Juni 2018) statt. In diesem Jahr wurde auf dem Schulhofgel\u00e4nde gefeiert, da am Schmetterling alle Vorbereitungen f\u00fcr das Brunnenfest getroffen wurden.","robots":{"index":"index","follow":"follow","max-snippet":"max-snippet:-1","max-image-preview":"max-image-preview:large","max-video-preview":"max-video-preview:-1"},"canonical":"https:\/\/grundschule-bad-lausick.de\/?p=209","og_locale":"de_DE","og_type":"article","og_title":"Abschlussfest an der Grundschule zum Start in die Sommerferien - Grundschule Bad Lausick","og_description":"In guter Tradition fand auch in diesem Jahr das Abschlussfest der Grundschule Bad Lausick und dem Hort Riff-Piraten am letzten Donnerstag vor den Sommerferien (28. Juni 2018) statt. In diesem Jahr wurde auf dem Schulhofgel\u00e4nde gefeiert, da am Schmetterling alle Vorbereitungen f\u00fcr das Brunnenfest getroffen wurden.","og_url":"https:\/\/grundschule-bad-lausick.de\/?p=209","og_site_name":"Grundschule Bad Lausick","article_published_time":"2019-12-19T12:18:30+00:00","article_modified_time":"2019-12-19T12:18:31+00:00","author":"admin","twitter_card":"summary_large_image","twitter_misc":{"Verfasst von":"admin","Gesch\u00e4tzte Lesezeit":"1\u00a0Minute"},"schema":{"@context":"https:\/\/schema.org","@graph":[{"@type":"Article","@id":"https:\/\/grundschule-bad-lausick.de\/?p=209#article","isPartOf":{"@id":"https:\/\/grundschule-bad-lausick.de\/?p=209"},"author":{"name":"admin","@id":"https:\/\/grundschule-bad-lausick.de\/#\/schema\/person\/83844c2bb92096b799b1f172be86144c"},"headline":"Abschlussfest an der Grundschule zum Start in die Sommerferien","datePublished":"2019-12-19T12:18:30+00:00","dateModified":"2019-12-19T12:18:31+00:00","mainEntityOfPage":{"@id":"https:\/\/grundschule-bad-lausick.de\/?p=209"},"wordCount":285,"articleSection":["Berichte"],"inLanguage":"de"},{"@type":"WebPage","@id":"https:\/\/grundschule-bad-lausick.de\/?p=209","url":"https:\/\/grundschule-bad-lausick.de\/?p=209","name":"Abschlussfest an der Grundschule zum Start in die Sommerferien - Grundschule Bad Lausick","isPartOf":{"@id":"https:\/\/grundschule-bad-lausick.de\/#website"},"datePublished":"2019-12-19T12:18:30+00:00","dateModified":"2019-12-19T12:18:31+00:00","author":{"@id":"https:\/\/grundschule-bad-lausick.de\/#\/schema\/person\/83844c2bb92096b799b1f172be86144c"},"description":"In guter Tradition fand auch in diesem Jahr das Abschlussfest der Grundschule Bad Lausick und dem Hort Riff-Piraten am letzten Donnerstag vor den Sommerferien (28. Juni 2018) statt. In diesem Jahr wurde auf dem Schulhofgel\u00e4nde gefeiert, da am Schmetterling alle Vorbereitungen f\u00fcr das Brunnenfest getroffen wurden.","breadcrumb":{"@id":"https:\/\/grundschule-bad-lausick.de\/?p=209#breadcrumb"},"inLanguage":"de","potentialAction":[{"@type":"ReadAction","target":["https:\/\/grundschule-bad-lausick.de\/?p=209"]}]},{"@type":"BreadcrumbList","@id":"https:\/\/grundschule-bad-lausick.de\/?p=209#breadcrumb","itemListElement":[{"@type":"ListItem","position":1,"name":"Home","item":"https:\/\/grundschule-bad-lausick.de\/"},{"@type":"ListItem","position":2,"name":"Abschlussfest an der Grundschule zum Start in die Sommerferien"}]},{"@type":"WebSite","@id":"https:\/\/grundschule-bad-lausick.de\/#website","url":"https:\/\/grundschule-bad-lausick.de\/","name":"Grundschule Bad Lausick","description":"\u201eAktiv mit allen Sinnen leben und lernen\u201c","potentialAction":[{"@type":"SearchAction","target":{"@type":"EntryPoint","urlTemplate":"https:\/\/grundschule-bad-lausick.de\/?s={search_term_string}"},"query-input":{"@type":"PropertyValueSpecification","valueRequired":true,"valueName":"search_term_string"}}],"inLanguage":"de"},{"@type":"Person","@id":"https:\/\/grundschule-bad-lausick.de\/#\/schema\/person\/83844c2bb92096b799b1f172be86144c","name":"admin","image":{"@type":"ImageObject","inLanguage":"de","@id":"https:\/\/secure.gravatar.com\/avatar\/dd20b76d0c3ce068a88e3830a01a7556faa17ef660c1857bd85ed488b4c5c26e?s=96&d=mm&r=g","url":"https:\/\/secure.gravatar.com\/avatar\/dd20b76d0c3ce068a88e3830a01a7556faa17ef660c1857bd85ed488b4c5c26e?s=96&d=mm&r=g","contentUrl":"https:\/\/secure.gravatar.com\/avatar\/dd20b76d0c3ce068a88e3830a01a7556faa17ef660c1857bd85ed488b4c5c26e?s=96&d=mm&r=g","caption":"admin"},"url":"https:\/\/grundschule-bad-lausick.de\/?author=1"}]}},"_links":{"self":[{"href":"https:\/\/grundschule-bad-lausick.de\/index.php?rest_route=\/wp\/v2\/posts\/209","targetHints":{"allow":["GET"]}}],"collection":[{"href":"https:\/\/grundschule-bad-lausick.de\/index.php?rest_route=\/wp\/v2\/posts"}],"about":[{"href":"https:\/\/grundschule-bad-lausick.de\/index.php?rest_route=\/wp\/v2\/types\/post"}],"author":[{"embeddable":true,"href":"https:\/\/grundschule-bad-lausick.de\/index.php?rest_route=\/wp\/v2\/users\/1"}],"replies":[{"embeddable":true,"href":"https:\/\/grundschule-bad-lausick.de\/index.php?rest_route=%2Fwp%2Fv2%2Fcomments&post=209"}],"version-history":[{"count":1,"href":"https:\/\/grundschule-bad-lausick.de\/index.php?rest_route=\/wp\/v2\/posts\/209\/revisions"}],"predecessor-version":[{"id":210,"href":"https:\/\/grundschule-bad-lausick.de\/index.php?rest_route=\/wp\/v2\/posts\/209\/revisions\/210"}],"wp:attachment":[{"href":"https:\/\/grundschule-bad-lausick.de\/index.php?rest_route=%2Fwp%2Fv2%2Fmedia&parent=209"}],"wp:term":[{"taxonomy":"category","embeddable":true,"href":"https:\/\/grundschule-bad-lausick.de\/index.php?rest_route=%2Fwp%2Fv2%2Fcategories&post=209"},{"taxonomy":"post_tag","embeddable":true,"href":"https:\/\/grundschule-bad-lausick.de\/index.php?rest_route=%2Fwp%2Fv2%2Ftags&post=209"}],"curies":[{"name":"wp","href":"https:\/\/api.w.org\/{rel}","templated":true}]}}