{"id":203,"date":"2019-12-19T13:00:16","date_gmt":"2019-12-19T12:00:16","guid":{"rendered":"https:\/\/grundschule-bad-lausick.de\/?p=203"},"modified":"2019-12-19T13:13:58","modified_gmt":"2019-12-19T12:13:58","slug":"uebergabe-des-foerdermittelbescheid","status":"publish","type":"post","link":"https:\/\/grundschule-bad-lausick.de\/?p=203","title":{"rendered":"\u00dcbergabe des  F\u00f6rdermittelbescheid"},"content":{"rendered":"\n<p>Am 05. Februar 2018 war es endlich soweit: Der Kultusminister des Freistaates Sachsen Christian Piwarz besuchte unsere Grundschule und \u00fcbergab einen F\u00f6rdermittelbescheid in H\u00f6he von 680.000 EUR  an den B\u00fcrgermeister von Bad Lausick, Michael Hultsch. Mit den  F\u00f6rdermitteln werden das Dach, die Fassade, die Fenster sowie die  Sanit\u00e4ranlagen der Grundschule erneuert. Die Gesamtkosten f\u00fcr die  Bauma\u00dfnahmen belaufen sich auf rund 1,4 Mio. Euro.<\/p>\n","protected":false},"excerpt":{"rendered":"<p>Am 05. Februar 2018 war es endlich soweit: Der Kultusminister des Freistaates Sachsen Christian Piwarz besuchte unsere Grundschule und \u00fcbergab &hellip; <\/p>\n","protected":false},"author":1,"featured_media":0,"comment_status":"closed","ping_status":"closed","sticky":false,"template":"","format":"standard","meta":{"footnotes":""},"categories":[7],"tags":[],"class_list":["post-203","post","type-post","status-publish","format-standard","hentry","category-berichte"],"yoast_head":"<!-- This site is optimized with the Yoast SEO plugin v27.5 - https:\/\/yoast.com\/product\/yoast-seo-wordpress\/ -->\n<title>\u00dcbergabe des F\u00f6rdermittelbescheid<\/title>\n<meta name=\"description\" content=\"Am 05. Februar 2018 war es endlich soweit: Der Kultusminister des Freistaates Sachsen Christian Piwarz besuchte unsere Grundschule und \u00fcbergab einen F\u00f6rdermittelbescheid in H\u00f6he von 680.000 EUR an den B\u00fcrgermeister von Bad Lausick, Michael Hultsch.\" \/>\n<meta name=\"robots\" content=\"index, follow, max-snippet:-1, max-image-preview:large, max-video-preview:-1\" \/>\n<link rel=\"canonical\" href=\"https:\/\/grundschule-bad-lausick.de\/?p=203\" \/>\n<meta property=\"og:locale\" content=\"de_DE\" \/>\n<meta property=\"og:type\" content=\"article\" \/>\n<meta property=\"og:title\" content=\"\u00dcbergabe des F\u00f6rdermittelbescheid\" \/>\n<meta property=\"og:description\" content=\"Am 05. Februar 2018 war es endlich soweit: Der Kultusminister des Freistaates Sachsen Christian Piwarz besuchte unsere Grundschule und \u00fcbergab einen F\u00f6rdermittelbescheid in H\u00f6he von 680.000 EUR an den B\u00fcrgermeister von Bad Lausick, Michael Hultsch.\" \/>\n<meta property=\"og:url\" content=\"https:\/\/grundschule-bad-lausick.de\/?p=203\" \/>\n<meta property=\"og:site_name\" content=\"Grundschule Bad Lausick\" \/>\n<meta property=\"article:published_time\" content=\"2019-12-19T12:00:16+00:00\" \/>\n<meta property=\"article:modified_time\" content=\"2019-12-19T12:13:58+00:00\" \/>\n<meta name=\"author\" content=\"admin\" \/>\n<meta name=\"twitter:card\" content=\"summary_large_image\" \/>\n<meta name=\"twitter:label1\" content=\"Verfasst von\" \/>\n\t<meta name=\"twitter:data1\" content=\"admin\" \/>\n<script type=\"application\/ld+json\" class=\"yoast-schema-graph\">{\"@context\":\"https:\\\/\\\/schema.org\",\"@graph\":[{\"@type\":\"Article\",\"@id\":\"https:\\\/\\\/grundschule-bad-lausick.de\\\/?p=203#article\",\"isPartOf\":{\"@id\":\"https:\\\/\\\/grundschule-bad-lausick.de\\\/?p=203\"},\"author\":{\"name\":\"admin\",\"@id\":\"https:\\\/\\\/grundschule-bad-lausick.de\\\/#\\\/schema\\\/person\\\/83844c2bb92096b799b1f172be86144c\"},\"headline\":\"\u00dcbergabe des F\u00f6rdermittelbescheid\",\"datePublished\":\"2019-12-19T12:00:16+00:00\",\"dateModified\":\"2019-12-19T12:13:58+00:00\",\"mainEntityOfPage\":{\"@id\":\"https:\\\/\\\/grundschule-bad-lausick.de\\\/?p=203\"},\"wordCount\":70,\"articleSection\":[\"Berichte\"],\"inLanguage\":\"de\"},{\"@type\":\"WebPage\",\"@id\":\"https:\\\/\\\/grundschule-bad-lausick.de\\\/?p=203\",\"url\":\"https:\\\/\\\/grundschule-bad-lausick.de\\\/?p=203\",\"name\":\"\u00dcbergabe des F\u00f6rdermittelbescheid\",\"isPartOf\":{\"@id\":\"https:\\\/\\\/grundschule-bad-lausick.de\\\/#website\"},\"datePublished\":\"2019-12-19T12:00:16+00:00\",\"dateModified\":\"2019-12-19T12:13:58+00:00\",\"author\":{\"@id\":\"https:\\\/\\\/grundschule-bad-lausick.de\\\/#\\\/schema\\\/person\\\/83844c2bb92096b799b1f172be86144c\"},\"description\":\"Am 05. Februar 2018 war es endlich soweit: Der Kultusminister des Freistaates Sachsen Christian Piwarz besuchte unsere Grundschule und \u00fcbergab einen F\u00f6rdermittelbescheid in H\u00f6he von 680.000 EUR an den B\u00fcrgermeister von Bad Lausick, Michael Hultsch.\",\"breadcrumb\":{\"@id\":\"https:\\\/\\\/grundschule-bad-lausick.de\\\/?p=203#breadcrumb\"},\"inLanguage\":\"de\",\"potentialAction\":[{\"@type\":\"ReadAction\",\"target\":[\"https:\\\/\\\/grundschule-bad-lausick.de\\\/?p=203\"]}]},{\"@type\":\"BreadcrumbList\",\"@id\":\"https:\\\/\\\/grundschule-bad-lausick.de\\\/?p=203#breadcrumb\",\"itemListElement\":[{\"@type\":\"ListItem\",\"position\":1,\"name\":\"Home\",\"item\":\"https:\\\/\\\/grundschule-bad-lausick.de\\\/\"},{\"@type\":\"ListItem\",\"position\":2,\"name\":\"\u00dcbergabe des F\u00f6rdermittelbescheid\"}]},{\"@type\":\"WebSite\",\"@id\":\"https:\\\/\\\/grundschule-bad-lausick.de\\\/#website\",\"url\":\"https:\\\/\\\/grundschule-bad-lausick.de\\\/\",\"name\":\"Grundschule Bad Lausick\",\"description\":\"\u201eAktiv mit allen Sinnen leben und lernen\u201c\",\"potentialAction\":[{\"@type\":\"SearchAction\",\"target\":{\"@type\":\"EntryPoint\",\"urlTemplate\":\"https:\\\/\\\/grundschule-bad-lausick.de\\\/?s={search_term_string}\"},\"query-input\":{\"@type\":\"PropertyValueSpecification\",\"valueRequired\":true,\"valueName\":\"search_term_string\"}}],\"inLanguage\":\"de\"},{\"@type\":\"Person\",\"@id\":\"https:\\\/\\\/grundschule-bad-lausick.de\\\/#\\\/schema\\\/person\\\/83844c2bb92096b799b1f172be86144c\",\"name\":\"admin\",\"image\":{\"@type\":\"ImageObject\",\"inLanguage\":\"de\",\"@id\":\"https:\\\/\\\/secure.gravatar.com\\\/avatar\\\/dd20b76d0c3ce068a88e3830a01a7556faa17ef660c1857bd85ed488b4c5c26e?s=96&d=mm&r=g\",\"url\":\"https:\\\/\\\/secure.gravatar.com\\\/avatar\\\/dd20b76d0c3ce068a88e3830a01a7556faa17ef660c1857bd85ed488b4c5c26e?s=96&d=mm&r=g\",\"contentUrl\":\"https:\\\/\\\/secure.gravatar.com\\\/avatar\\\/dd20b76d0c3ce068a88e3830a01a7556faa17ef660c1857bd85ed488b4c5c26e?s=96&d=mm&r=g\",\"caption\":\"admin\"},\"url\":\"https:\\\/\\\/grundschule-bad-lausick.de\\\/?author=1\"}]}<\/script>\n<!-- \/ Yoast SEO plugin. -->","yoast_head_json":{"title":"\u00dcbergabe des F\u00f6rdermittelbescheid","description":"Am 05. Februar 2018 war es endlich soweit: Der Kultusminister des Freistaates Sachsen Christian Piwarz besuchte unsere Grundschule und \u00fcbergab einen F\u00f6rdermittelbescheid in H\u00f6he von 680.000 EUR an den B\u00fcrgermeister von Bad Lausick, Michael Hultsch.","robots":{"index":"index","follow":"follow","max-snippet":"max-snippet:-1","max-image-preview":"max-image-preview:large","max-video-preview":"max-video-preview:-1"},"canonical":"https:\/\/grundschule-bad-lausick.de\/?p=203","og_locale":"de_DE","og_type":"article","og_title":"\u00dcbergabe des F\u00f6rdermittelbescheid","og_description":"Am 05. Februar 2018 war es endlich soweit: Der Kultusminister des Freistaates Sachsen Christian Piwarz besuchte unsere Grundschule und \u00fcbergab einen F\u00f6rdermittelbescheid in H\u00f6he von 680.000 EUR an den B\u00fcrgermeister von Bad Lausick, Michael Hultsch.","og_url":"https:\/\/grundschule-bad-lausick.de\/?p=203","og_site_name":"Grundschule Bad Lausick","article_published_time":"2019-12-19T12:00:16+00:00","article_modified_time":"2019-12-19T12:13:58+00:00","author":"admin","twitter_card":"summary_large_image","twitter_misc":{"Verfasst von":"admin"},"schema":{"@context":"https:\/\/schema.org","@graph":[{"@type":"Article","@id":"https:\/\/grundschule-bad-lausick.de\/?p=203#article","isPartOf":{"@id":"https:\/\/grundschule-bad-lausick.de\/?p=203"},"author":{"name":"admin","@id":"https:\/\/grundschule-bad-lausick.de\/#\/schema\/person\/83844c2bb92096b799b1f172be86144c"},"headline":"\u00dcbergabe des F\u00f6rdermittelbescheid","datePublished":"2019-12-19T12:00:16+00:00","dateModified":"2019-12-19T12:13:58+00:00","mainEntityOfPage":{"@id":"https:\/\/grundschule-bad-lausick.de\/?p=203"},"wordCount":70,"articleSection":["Berichte"],"inLanguage":"de"},{"@type":"WebPage","@id":"https:\/\/grundschule-bad-lausick.de\/?p=203","url":"https:\/\/grundschule-bad-lausick.de\/?p=203","name":"\u00dcbergabe des F\u00f6rdermittelbescheid","isPartOf":{"@id":"https:\/\/grundschule-bad-lausick.de\/#website"},"datePublished":"2019-12-19T12:00:16+00:00","dateModified":"2019-12-19T12:13:58+00:00","author":{"@id":"https:\/\/grundschule-bad-lausick.de\/#\/schema\/person\/83844c2bb92096b799b1f172be86144c"},"description":"Am 05. Februar 2018 war es endlich soweit: Der Kultusminister des Freistaates Sachsen Christian Piwarz besuchte unsere Grundschule und \u00fcbergab einen F\u00f6rdermittelbescheid in H\u00f6he von 680.000 EUR an den B\u00fcrgermeister von Bad Lausick, Michael Hultsch.","breadcrumb":{"@id":"https:\/\/grundschule-bad-lausick.de\/?p=203#breadcrumb"},"inLanguage":"de","potentialAction":[{"@type":"ReadAction","target":["https:\/\/grundschule-bad-lausick.de\/?p=203"]}]},{"@type":"BreadcrumbList","@id":"https:\/\/grundschule-bad-lausick.de\/?p=203#breadcrumb","itemListElement":[{"@type":"ListItem","position":1,"name":"Home","item":"https:\/\/grundschule-bad-lausick.de\/"},{"@type":"ListItem","position":2,"name":"\u00dcbergabe des F\u00f6rdermittelbescheid"}]},{"@type":"WebSite","@id":"https:\/\/grundschule-bad-lausick.de\/#website","url":"https:\/\/grundschule-bad-lausick.de\/","name":"Grundschule Bad Lausick","description":"\u201eAktiv mit allen Sinnen leben und lernen\u201c","potentialAction":[{"@type":"SearchAction","target":{"@type":"EntryPoint","urlTemplate":"https:\/\/grundschule-bad-lausick.de\/?s={search_term_string}"},"query-input":{"@type":"PropertyValueSpecification","valueRequired":true,"valueName":"search_term_string"}}],"inLanguage":"de"},{"@type":"Person","@id":"https:\/\/grundschule-bad-lausick.de\/#\/schema\/person\/83844c2bb92096b799b1f172be86144c","name":"admin","image":{"@type":"ImageObject","inLanguage":"de","@id":"https:\/\/secure.gravatar.com\/avatar\/dd20b76d0c3ce068a88e3830a01a7556faa17ef660c1857bd85ed488b4c5c26e?s=96&d=mm&r=g","url":"https:\/\/secure.gravatar.com\/avatar\/dd20b76d0c3ce068a88e3830a01a7556faa17ef660c1857bd85ed488b4c5c26e?s=96&d=mm&r=g","contentUrl":"https:\/\/secure.gravatar.com\/avatar\/dd20b76d0c3ce068a88e3830a01a7556faa17ef660c1857bd85ed488b4c5c26e?s=96&d=mm&r=g","caption":"admin"},"url":"https:\/\/grundschule-bad-lausick.de\/?author=1"}]}},"_links":{"self":[{"href":"https:\/\/grundschule-bad-lausick.de\/index.php?rest_route=\/wp\/v2\/posts\/203","targetHints":{"allow":["GET"]}}],"collection":[{"href":"https:\/\/grundschule-bad-lausick.de\/index.php?rest_route=\/wp\/v2\/posts"}],"about":[{"href":"https:\/\/grundschule-bad-lausick.de\/index.php?rest_route=\/wp\/v2\/types\/post"}],"author":[{"embeddable":true,"href":"https:\/\/grundschule-bad-lausick.de\/index.php?rest_route=\/wp\/v2\/users\/1"}],"replies":[{"embeddable":true,"href":"https:\/\/grundschule-bad-lausick.de\/index.php?rest_route=%2Fwp%2Fv2%2Fcomments&post=203"}],"version-history":[{"count":1,"href":"https:\/\/grundschule-bad-lausick.de\/index.php?rest_route=\/wp\/v2\/posts\/203\/revisions"}],"predecessor-version":[{"id":204,"href":"https:\/\/grundschule-bad-lausick.de\/index.php?rest_route=\/wp\/v2\/posts\/203\/revisions\/204"}],"wp:attachment":[{"href":"https:\/\/grundschule-bad-lausick.de\/index.php?rest_route=%2Fwp%2Fv2%2Fmedia&parent=203"}],"wp:term":[{"taxonomy":"category","embeddable":true,"href":"https:\/\/grundschule-bad-lausick.de\/index.php?rest_route=%2Fwp%2Fv2%2Fcategories&post=203"},{"taxonomy":"post_tag","embeddable":true,"href":"https:\/\/grundschule-bad-lausick.de\/index.php?rest_route=%2Fwp%2Fv2%2Ftags&post=203"}],"curies":[{"name":"wp","href":"https:\/\/api.w.org\/{rel}","templated":true}]}}